{"id":664587,"date":"2026-02-09T01:33:27","date_gmt":"2026-02-09T05:33:27","guid":{"rendered":"https:\/\/diariodominicano.com\/?p=664587"},"modified":"2026-02-09T01:33:40","modified_gmt":"2026-02-09T05:33:40","slug":"detenido-autor-del-reciente-atentado-contra-jefe-militar-de-rusia","status":"publish","type":"post","link":"https:\/\/diariodominicano.com\/?p=664587","title":{"rendered":"Detenido autor del reciente atentado contra jefe militar de Rusia"},"content":{"rendered":"\n<p>Mosc\u00fa, 8 feb (Prensa Latina) El Servicio Federal de Seguridad Rusia (FSB por sus siglas en ruso) anunci\u00f3 hoy la detenci\u00f3n del autor del atentado perpetrado el 6 de febrero contra el teniente general del Ministerio de Defensa Vladimir Aleks\u00e9yev.<\/p>\n\n\n\n<ul class=\"wp-block-list\">\n<li><a href=\"https:\/\/www.prensa-latina.cu\/2026\/02\/08\/\"><time>febrero 8, 2026 | 05:17<\/time><\/a><\/li>\n<\/ul>\n\n\n\n<ul class=\"wp-block-list\">\n<li><a href=\"https:\/\/www.prensa-latina.cu\/2026\/02\/08\/detenido-autor-del-reciente-atentado-contra-jefe-militar-de-rusia\/#\"><\/a><\/li>\n\n\n\n<li><a href=\"https:\/\/www.prensa-latina.cu\/2026\/02\/08\/detenido-autor-del-reciente-atentado-contra-jefe-militar-de-rusia\/#\"><\/a><\/li>\n\n\n\n<li><a href=\"https:\/\/www.prensa-latina.cu\/2026\/02\/08\/detenido-autor-del-reciente-atentado-contra-jefe-militar-de-rusia\/#\"><\/a><\/li>\n\n\n\n<li><a href=\"https:\/\/www.prensa-latina.cu\/2026\/02\/08\/detenido-autor-del-reciente-atentado-contra-jefe-militar-de-rusia\/#\"><\/a><\/li>\n<\/ul>\n\n\n\n<p>El organismo detall\u00f3 a la prensa que el identificado como atacante es un ciudadano ruso nombrado Liubomir Korba, nacido en 1960, quien fue detenido en Dub\u00e1i, Emiratos \u00c1rabes Unidos, y entregado a las autoridades del gigante euroasi\u00e1tico mediante la ayuda de los socios emirat\u00edes de Mosc\u00fa.<\/p>\n\n\n\n<p>\u201cKorba fue detectado por las c\u00e1maras de vigilancia en el lugar del hecho y en varios otros puntos de la ciudad. Una de las c\u00e1maras capt\u00f3 el momento en que el sicario tira a la nieve el arma con la que dispar\u00f3 a Aleks\u00e9yev\u201d, acot\u00f3 el FSB.<\/p>\n\n\n\n<p>Asimismo, el ente de seguridad agreg\u00f3 que los c\u00f3mplices para dicho crimen tambi\u00e9n se identificaron, se trata de Viktor Vasin, nacido en 1959, ya puesto en manos de la justicia en Mosc\u00fa, mientras que Zina\u00edda Serebr\u00edtskaia, con fecha de nacimiento en el a\u00f1o 1971, huy\u00f3 a Ucrania. Ambos son ciudadanos rusos.<\/p>\n\n\n\n<p>Al respecto, el Servicio de Seguridad asever\u00f3 que la b\u00fasqueda de los organizadores del intento de asesinato de Aleks\u00e9yev contin\u00faa activa.<\/p>\n\n\n\n<p>Por su parte, el Comit\u00e9 de Investigaci\u00f3n de Rusia determin\u00f3 este domingo que el hombre responsable del intento de asesinato contra el jefe militar actu\u00f3 por encargo de Kiev.<\/p>\n\n\n\n<p>En ese sentido, la entidad coment\u00f3 que el homicida lleg\u00f3 a Mosc\u00fa a finales de diciembre del a\u00f1o pasado en cumplimiento de las \u00f3rdenes de los servicios especiales de Ucrania para cometer el atentado.<\/p>\n\n\n\n<p>\u201cKorba, nacido en la provincia de Tern\u00f3pol (entonces Rep\u00fablica Socialista Sovi\u00e9tica de Ucrania) y actualmente ciudadano ruso, huy\u00f3 a Emiratos \u00c1rabes Unidos horas despu\u00e9s de cometer el crimen\u00bb, precisaron las autoridades.<\/p>\n\n\n\n<p>Igualmente, enfatizaron que se realizan investigaciones y b\u00fasquedas operativas para determinar todas las circunstancias de los acontecimientos e identificar al resto de los autores.<\/p>\n\n\n\n<p>El teniente general ruso Vladimir Aleks\u00e9yev sufri\u00f3 el 6 de febrero un atentado dentro de un edificio residencial en el noroeste de Mosc\u00fa, donde fue interceptado por un individuo que le dispar\u00f3 varias veces por la espalda y huy\u00f3 del lugar. El militar fue posteriormente trasladado de urgencia a un hospital.<\/p>\n\n\n\n<p>El ataque tuvo lugar al d\u00eda siguiente de que concluyera la segunda ronda de negociaciones trilaterales (Rusia, Estados Unidos, Ucrania) para la b\u00fasqueda de una soluci\u00f3n diplom\u00e1tica y pol\u00edtica del conflicto ucraniano, con sede en Abu Dabi, capital emirat\u00ed.<\/p>\n\n\n\n<p>La delegaci\u00f3n rusa estuvo representada por el jefe de la Direcci\u00f3n Principal de Inteligencia del Estado Mayor de las Fuerzas Armadas de Rusia, \u00cdgor Kostiukov, cuyo primer adjunto es Aleks\u00e9yev.<\/p>\n\n\n\n<p>Frente a la nueva arremetida contra altos cargos de Defensa, el canciller ruso, Sergu\u00e9i Lavrov, enfatiz\u00f3 que el \u00abatentado terrorista\u00bb perpetrado contra el oficial pone en evidencia la intenci\u00f3n de Kiev de realizar provocaciones constantes, destinadas, a su vez, a frustrar el proceso de negociaciones.<\/p>\n\n\n\n<p>mem\/odf<\/p>\n\n\n\n<ul class=\"wp-block-list\">\n<li>#<a href=\"https:\/\/www.prensa-latina.cu\/etiqueta\/atentado\/\">atentado<\/a>\u00a0#<a href=\"https:\/\/www.prensa-latina.cu\/etiqueta\/rusia\/\">Rusia<\/a>\u00a0#<a href=\"https:\/\/www.prensa-latina.cu\/etiqueta\/ucrania\/\">Ucrania<\/a><\/li>\n<\/ul>\n","protected":false},"excerpt":{"rendered":"<p>Mosc\u00fa, 8 feb (Prensa Latina) El Servicio Federal de Seguridad Rusia (FSB por sus siglas en ruso) anunci\u00f3 hoy la detenci\u00f3n del autor del atentado perpetrado el 6 de febrero contra el teniente general del Ministerio de Defensa Vladimir Aleks\u00e9yev. El organismo detall\u00f3 a la prensa que el identificado como atacante es un ciudadano ruso [&hellip;]<\/p>\n","protected":false},"author":28,"featured_media":664588,"comment_status":"open","ping_status":"closed","sticky":false,"template":"","format":"standard","meta":{"footnotes":""},"categories":[23,29],"tags":[4445,3560],"class_list":["post-664587","post","type-post","status-publish","format-standard","has-post-thumbnail","hentry","category-internacional","category-policiasucesos","tag-atentado","tag-rusia"],"_links":{"self":[{"href":"https:\/\/diariodominicano.com\/index.php?rest_route=\/wp\/v2\/posts\/664587","targetHints":{"allow":["GET"]}}],"collection":[{"href":"https:\/\/diariodominicano.com\/index.php?rest_route=\/wp\/v2\/posts"}],"about":[{"href":"https:\/\/diariodominicano.com\/index.php?rest_route=\/wp\/v2\/types\/post"}],"author":[{"embeddable":true,"href":"https:\/\/diariodominicano.com\/index.php?rest_route=\/wp\/v2\/users\/28"}],"replies":[{"embeddable":true,"href":"https:\/\/diariodominicano.com\/index.php?rest_route=%2Fwp%2Fv2%2Fcomments&post=664587"}],"version-history":[{"count":1,"href":"https:\/\/diariodominicano.com\/index.php?rest_route=\/wp\/v2\/posts\/664587\/revisions"}],"predecessor-version":[{"id":664589,"href":"https:\/\/diariodominicano.com\/index.php?rest_route=\/wp\/v2\/posts\/664587\/revisions\/664589"}],"wp:featuredmedia":[{"embeddable":true,"href":"https:\/\/diariodominicano.com\/index.php?rest_route=\/wp\/v2\/media\/664588"}],"wp:attachment":[{"href":"https:\/\/diariodominicano.com\/index.php?rest_route=%2Fwp%2Fv2%2Fmedia&parent=664587"}],"wp:term":[{"taxonomy":"category","embeddable":true,"href":"https:\/\/diariodominicano.com\/index.php?rest_route=%2Fwp%2Fv2%2Fcategories&post=664587"},{"taxonomy":"post_tag","embeddable":true,"href":"https:\/\/diariodominicano.com\/index.php?rest_route=%2Fwp%2Fv2%2Ftags&post=664587"}],"curies":[{"name":"wp","href":"https:\/\/api.w.org\/{rel}","templated":true}]}}