{"id":66458,"date":"2012-01-19T19:54:24","date_gmt":"2012-01-19T19:54:24","guid":{"rendered":"http:\/\/diariodominicano.ddns.net\/?p=66458"},"modified":"2012-01-19T19:54:24","modified_gmt":"2012-01-19T19:54:24","slug":"santo-domingo-este-anuncia-su-carnaval","status":"publish","type":"post","link":"https:\/\/diariodominicano.com\/?p=66458","title":{"rendered":"Santo Domingo Este anuncia su carnaval"},"content":{"rendered":"<p><body><\/p>\n<p><span class=\"text1noticias\">Santo Domingo Este. El ayuntamiento de este municipio  anunci\u00f3 formalmente la celebraci\u00f3n de la quinta versi\u00f3n de su Carnaval, el cual se presentar\u00e1 de nuevo en tres ediciones para el mayor disfrute de la municipalidad.<\/span><\/p>\n<\/p>\n<p><span class=\"text1noticias\">La informaci\u00f3n fue dada a conocer durante una rueda de prensa, encabezada por el alcalde Juan de los Santos, quien ofreci\u00f3 todos los detalles de la organizaci\u00f3n del evento que iniciar\u00e1 el domingo 12 de febrero, continuando el domingo 19.<\/span><\/p>\n<\/p>\n<p><span class=\"text1noticias\">El gran cierre ser\u00e1 el domingo 26 de febrero donde a partir de las dos de la tarde la avenida Espa\u00f1a ser\u00e1 el escenario escogido para recibir a los miles de  visitantes que se dar\u00e1n cita por quinto a\u00f1o consecutivo para ser testigo de esta gran fiesta que el Ayuntamiento de Santo Domingo Este institucionaliz\u00f3 desde el a\u00f1o 2008.<\/span><\/p>\n<\/p>\n<p><span class=\"text1noticias\">Las tres presentaciones se realizar\u00e1n en la avenida Espa\u00f1a, en todo el litoral del Malec\u00f3n de Santo Domingo Este.<\/span><\/p>\n<\/p>\n<p><span class=\"text1noticias\">El domingo 12 la animaci\u00f3n art\u00edstica estar\u00e1 a cargo de To\u00f1o Rosario y Mozart La Para, mientras que el domingo 19 la m\u00fasica estar\u00e1 a cargo de Kinito M\u00e9ndez y Milka \u00abla m\u00e1s dura\u00bb, mientras que para el gran cierre de esta fiesta cultural disfrutaremos de la m\u00fasica y el entusiasmo de Sergio Vargas, Juliana adem\u00e1s de  Doble T y Crow (Los Pepes).<\/span><\/p>\n<\/p>\n<p><span class=\"text1noticias\">Juan de los Santos afirm\u00f3 que como en a\u00f1os anteriores m\u00e1s de cien comparsas de todo el municipio participar\u00e1n y del interior del pa\u00eds desfilar\u00e1n por la avenida Espa\u00f1a, donde  habr\u00e1 en premios cerca de un mill\u00f3n de pesos distribuidos en siete categor\u00edas.<\/span><\/p>\n<\/p>\n<p><span class=\"text1noticias\">Dichas categor\u00edas son las siguientes: Tradicional, Creatividad Popular, Fantas\u00eda, Diablos Cojuelos, Al\u00ed Bab\u00e1, Personaje Individual e hist\u00f3ricas.<\/span><\/p>\n<\/p>\n<p><span class=\"text1noticias\">El montaje de la Quinta  estar\u00e1  a cargo del ASDE y la asesor\u00eda en producci\u00f3n de la empresa Valenzuela Productions, con el auspicio de la Cervecer\u00eda Nacional Dominicana y Brugal &amp; Compa\u00f1\u00eda.<\/span><\/p>\n<\/p>\n<p><span class=\"text1noticias\">El ejecutivo municipal  manifest\u00f3 la importancia que tiene esta fiesta cultural para el municipio<\/span>.<\/p>\n<\/p>\n<h6> 2012-01-19 19:54:24 <\/h6>\n<p><!--\n<link rel=\"stylesheet\" href=\"css\/bootstrap.min.css\">\n\n\n<ul class=\"pagination\">\n\t    \n\t\n\n<li >\n\t<a href='?page_no=18135'>Previous<\/a>\n\t<\/li>\n\n\n       \n    \n\n<li><a href='?page_no=1'>1<\/a><\/li>\n\n\n\n<li><a href='?page_no=2'>2<\/a><\/li>\n\n\n\n<li><a>...<\/a><\/li>\n\n\n\n<li><a href='?page_no=18134'>18134<\/a><\/li>\n\n\n\n<li><a href='?page_no=18135'>18135<\/a><\/li>\n\n\n\n<li class='active'><a>18136<\/a><\/li>\n\n\n\n<li><a href='?page_no=18137'>18137<\/a><\/li>\n\n\n\n<li><a href='?page_no=18138'>18138<\/a><\/li>\n\n\n\n<li><a>...<\/a><\/li>\n\n\n\n<li><a href='?page_no=22911'>22911<\/a><\/li>\n\n\n\n<li><a href='?page_no=22912'>22912<\/a><\/li>\n\n    \n\t\n\n<li >\n\t<a href='?page_no=18137'>Next<\/a>\n\t<\/li>\n\n\n    \n\n<li><a href='?page_no=22912'>Last &rsaquo;&rsaquo;<\/a><\/li>\n\n<\/ul>\n\n\n--><br \/>\n<\/body><\/p>\n","protected":false},"excerpt":{"rendered":"<p>Santo Domingo Este. El ayuntamiento de este municipio anunci\u00f3 formalmente la celebraci\u00f3n de la quinta versi\u00f3n de su Carnaval, el cual se presentar\u00e1 de nuevo en tres ediciones para el mayor disfrute de la municipalidad. La informaci\u00f3n fue dada a conocer durante una rueda de prensa, encabezada por el alcalde Juan de los Santos, quien [&hellip;]<\/p>\n","protected":false},"author":3,"featured_media":0,"comment_status":"open","ping_status":"open","sticky":false,"template":"","format":"standard","meta":{"footnotes":""},"categories":[21],"tags":[],"class_list":["post-66458","post","type-post","status-publish","format-standard","hentry","category-cultura"],"_links":{"self":[{"href":"https:\/\/diariodominicano.com\/index.php?rest_route=\/wp\/v2\/posts\/66458","targetHints":{"allow":["GET"]}}],"collection":[{"href":"https:\/\/diariodominicano.com\/index.php?rest_route=\/wp\/v2\/posts"}],"about":[{"href":"https:\/\/diariodominicano.com\/index.php?rest_route=\/wp\/v2\/types\/post"}],"author":[{"embeddable":true,"href":"https:\/\/diariodominicano.com\/index.php?rest_route=\/wp\/v2\/users\/3"}],"replies":[{"embeddable":true,"href":"https:\/\/diariodominicano.com\/index.php?rest_route=%2Fwp%2Fv2%2Fcomments&post=66458"}],"version-history":[{"count":0,"href":"https:\/\/diariodominicano.com\/index.php?rest_route=\/wp\/v2\/posts\/66458\/revisions"}],"wp:attachment":[{"href":"https:\/\/diariodominicano.com\/index.php?rest_route=%2Fwp%2Fv2%2Fmedia&parent=66458"}],"wp:term":[{"taxonomy":"category","embeddable":true,"href":"https:\/\/diariodominicano.com\/index.php?rest_route=%2Fwp%2Fv2%2Fcategories&post=66458"},{"taxonomy":"post_tag","embeddable":true,"href":"https:\/\/diariodominicano.com\/index.php?rest_route=%2Fwp%2Fv2%2Ftags&post=66458"}],"curies":[{"name":"wp","href":"https:\/\/api.w.org\/{rel}","templated":true}]}}