{"id":66455,"date":"2012-01-20T19:51:06","date_gmt":"2012-01-20T19:51:06","guid":{"rendered":"http:\/\/diariodominicano.ddns.net\/?p=66455"},"modified":"2012-01-20T19:51:06","modified_gmt":"2012-01-20T19:51:06","slug":"centro-de-la-imagen-un-lugar-que-nacio-con-una-vision-fotografica","status":"publish","type":"post","link":"https:\/\/diariodominicano.com\/?p=66455","title":{"rendered":"Centro de la Imagen, un lugar que naci\u00f3 con una visi\u00f3n fotogr\u00e1fica"},"content":{"rendered":"<p><body><\/p>\n<p><span class=\"text1noticias\">Santo Domingo, RD 20 enero.- Considerada como una ciencia, arte o simple \u00abhobby\u00bb, la fotograf\u00eda es vista como un m\u00e9todo de plasmar figuras, manifestaciones de un ser viviente, lugares o situaciones que marcar\u00e1n toda una vida. <\/span><\/p>\n<\/p>\n<p><span class=\"text1noticias\">Conscientes de que la fotograf\u00eda ocupa hoy en d\u00eda un lugar vital y central dentro de la cultura, en Rep\u00fablica Dominicana surge el Centro de la Imagen, cuya plataforma est\u00e1 dedicada al estudio, promoci\u00f3n y apreciaci\u00f3n fotogr\u00e1fica. <\/span><\/p>\n<\/p>\n<p><span class=\"text1noticias\">Este centro, con motivo de la celebraci\u00f3n de su primer aniversario y para promover este arte en la futura generaciones, realiz\u00f3 la primera edici\u00f3n del premio \u00abJoven de la Imagen: Fotograf\u00eda y Video 2011\u00bb, contando con la participaci\u00f3n de 13 talentos dominicanos y extranjeros residentes en el pa\u00eds, con edades de 18 y 35 a\u00f1os. <\/span><\/p>\n<\/p>\n<p><span class=\"text1noticias\">El concurso se desarroll\u00f3 bajo una tem\u00e1tica vinculada a la actualidad en la que los concursantes aplicaron la modalidad de obras fotogr\u00e1ficas y video, haciendo sus creaciones de forma individual o colectiva y teniendo como tema \u00abLa Ciudad: Un espacio Diferenciador\u00bb, con una amplia evaluaci\u00f3n realizada por un jurado compuesto por expertos en el \u00e1rea y quienes otorgaron los premios siguientes: <\/span><\/p>\n<\/p>\n<p><span class=\"text1noticias\">Menci\u00f3n de honor:<\/span><\/p>\n<\/p>\n<p><span class=\"text1noticias\">En este rengl\u00f3n, los escogidos fueron Pancho Rodr\u00edguez, con la obra multimedial Recreo, y Carlos de Le\u00f3n, por su obra fotogr\u00e1fica Bufanda 9, cuyos trabajos estuvieron enfocados en la diversidad de la lengua y calidad de la imagen.<\/span><\/p>\n<\/p>\n<p><span class=\"text1noticias\">Imagen en movimiento  :<\/span><\/p>\n<\/p>\n<p><span class=\"text1noticias\">En esta categor\u00eda el premio fue otorgado para Juan Carlos Guzm\u00e1n Navarro, con la obra de videoinstalaci\u00f3n Maltrecho,  orientado hacia los contextos urbanos.<\/span><\/p>\n<\/p>\n<p><span class=\"text1noticias\">Los  ganadores recibieron un premio en met\u00e1lico de RD$50,000 y un reconocimiento enmarcado por su trabajo.<\/span><\/p>\n<\/p>\n<p><span class=\"text1noticias\">Para Pancho Rodr\u00edguez, ganador de la obra Recreo, la fotograf\u00eda es parte de su vida y la considera como un punto esencial dentro de su diaria convivencia.<\/span><\/p>\n<\/p>\n<p><span class=\"text1noticias\">\u00abEste tipo de concurso debe ser muy tomado en cuenta para motivar a los j\u00f3venes a que se inclinen por esta v\u00eda, a que muestren a la sociedad que s\u00ed pueden hacerlo\u00bb, explic\u00f3 Rodr\u00edguez.<\/span><\/p>\n<\/p>\n<p><span class=\"text1noticias\">De su lado, Guzm\u00e1n Navarro, ganador de Maltrecho, sostuvo que la premiaci\u00f3n significa un gran m\u00e9rito porque la fotograf\u00eda es su medio de entretenimiento y de ahora en adelante ser\u00e1 vista con mayor impulso para mostrar algo mas all\u00e1 de lo que la gente no puede ver. <\/span><\/p>\n<\/p>\n<p><span class=\"text1noticias\">\u00abDesde los nueve a\u00f1os estoy sumergido en el mundo de las fotos, soy arquitecto de profesi\u00f3n y eso hace que sienta m\u00e1s pasi\u00f3n por mi fotograf\u00eda. Quiero que las personas vean este arte como uno de los pocos que permiten ver la vida a trav\u00e9s de un papel\u00bb, indic\u00f3 Guzm\u00e1n Navarro.<\/span><\/p>\n<\/p>\n<p><span class=\"text1noticias\">Tambi\u00e9n  fueron galardonados los artistas M\u00e1ximo del Castillo y Jos\u00e9 Pi\u00f3n.<\/span><\/p>\n<\/p>\n<p><span class=\"text1noticias\">El concurso,  que ser\u00e1 todos los a\u00f1os, estuvo organizado por Carlos Acero Ruiz, director del Centro de la Imagen; Mayra Johnson, presidenta de la Fundaci\u00f3n Imagen 83 e Irasena Jimini\u00e1n, quienes expresaron su satisfacci\u00f3n por la actividad y agradecieron a Coca-Cola Company, Dewar&#8217;s y Orange Dominicana por el patrocinio.<\/span><\/p>\n<\/p>\n<p><span class=\"text1noticias\">Como surge el Centro de la Imagen <\/span><\/p>\n<\/p>\n<p><span class=\"text1noticias\">El Centro de la Imagen nace a trav\u00e9s de la Fundaci\u00f3n 83, creada por Mayra Johnson, con la finalidad de desarrollar y difundir la fotograf\u00eda a trav\u00e9s de festivales y proyectos especiales.<\/span><\/p>\n<\/p>\n<p><span class=\"text1noticias\">\u00abEn el 2004, el grupo original de fotograf\u00eda decidi\u00f3 hacer un trabajo para el pa\u00eds con la idea de crear un espacio de este tipo, pero es para el 2006 cuando se concretiza la idea de hacer un centro que ofrezca una formaci\u00f3n profesional a nivel de imagen junto al grupo Viccini, quienes nos donaron el local y logramos estar aqu\u00ed establecidos formalmente\u00bb, manifest\u00f3 Johnson.<\/span><\/p>\n<\/p>\n<p><span class=\"text1noticias\">Explic\u00f3 que cuentan con dos niveles, en la calle Arzobispo Meri\u00f1o, esquina Vicente Celestino Duarte, en la Zona Colonial, para ofrecer una educaci\u00f3n continua sobre imagen fija y en movimiento, con la visi\u00f3n de formar fot\u00f3grafos dominicanos a nivel de cualquier otro contempor\u00e1neo del mundo.<\/span><\/p>\n<\/p>\n<p><span class=\"text1noticias\">\u00abEste centro est\u00e1 abierto a todas las edades a un m\u00f3dico  costo, pero muchos de nuestros proyectos son totalmente gratis, patrocinados por otras entidades aliadas\u00bb, indic\u00f3 la presidenta de la Fundaci\u00f3n 83.<\/span><\/p>\n<\/p>\n<p><span class=\"text1noticias\">Sus instalaciones cuentan con salas de exposiciones y ventas de art\u00edculos sobre esta apasionado arte.<\/span><\/p>\n<p><span class=\"text1noticias\"> <\/span><\/p>\n<p><span class=\"text1noticias\">Resumen de ganadores<\/span><\/p>\n<p><span class=\"text1noticias\"> <\/span><\/p>\n<p><span class=\"text1noticias\">Premios <\/span><\/p>\n<\/p>\n<p><span class=\"text1noticias\">Premio a la imagen en movimiento: Juan Carlos Guzm\u00e1n Navarro, por video-instalaci\u00f3n \u00abMal trecho\u00bb. <\/span><\/p>\n<\/p>\n<p><span class=\"text1noticias\">Premio a la imagen fija: M\u00e1ximo del Castillo, por \u00abSin t\u00edtulo\u00bb. <\/span><\/p>\n<\/p>\n<p><span class=\"text1noticias\">Premio de la exposici\u00f3n: Jos\u00e9 Pi\u00f3n, por tres obras interconectadas. <\/span><\/p>\n<\/p>\n<p><span class=\"text1noticias\">Menci\u00f3n de honor: Pancho Rodr\u00edguez, por obra multimedial \u00abRecreo\u00bb. <\/span><\/p>\n<\/p>\n<p><span class=\"text1noticias\">Menci\u00f3n de honor: Carlos de Le\u00f3n, por la obra fotogr\u00e1fica Bufanda 9. <\/span><\/p>\n<\/p>\n<p><span class=\"text1noticias\">El jurado seleccion\u00f3 como finalistas 13 artistas con 22 propuestas en fotograf\u00eda y video-arte o una combinaci\u00f3n de ambos soportes<\/span>. <\/p>\n<\/p>\n<h6> 2012-01-20 19:51:06 <\/h6>\n<p><!--\n<link rel=\"stylesheet\" href=\"css\/bootstrap.min.css\">\n\n\n<ul class=\"pagination\">\n\t    \n\t\n\n<li >\n\t<a href='?page_no=18132'>Previous<\/a>\n\t<\/li>\n\n\n       \n    \n\n<li><a href='?page_no=1'>1<\/a><\/li>\n\n\n\n<li><a href='?page_no=2'>2<\/a><\/li>\n\n\n\n<li><a>...<\/a><\/li>\n\n\n\n<li><a href='?page_no=18131'>18131<\/a><\/li>\n\n\n\n<li><a href='?page_no=18132'>18132<\/a><\/li>\n\n\n\n<li class='active'><a>18133<\/a><\/li>\n\n\n\n<li><a href='?page_no=18134'>18134<\/a><\/li>\n\n\n\n<li><a href='?page_no=18135'>18135<\/a><\/li>\n\n\n\n<li><a>...<\/a><\/li>\n\n\n\n<li><a href='?page_no=22911'>22911<\/a><\/li>\n\n\n\n<li><a href='?page_no=22912'>22912<\/a><\/li>\n\n    \n\t\n\n<li >\n\t<a href='?page_no=18134'>Next<\/a>\n\t<\/li>\n\n\n    \n\n<li><a href='?page_no=22912'>Last &rsaquo;&rsaquo;<\/a><\/li>\n\n<\/ul>\n\n\n--><br \/>\n<\/body><\/p>\n","protected":false},"excerpt":{"rendered":"<p>Santo Domingo, RD 20 enero.- Considerada como una ciencia, arte o simple \u00abhobby\u00bb, la fotograf\u00eda es vista como un m\u00e9todo de plasmar figuras, manifestaciones de un ser viviente, lugares o situaciones que marcar\u00e1n toda una vida. Conscientes de que la fotograf\u00eda ocupa hoy en d\u00eda un lugar vital y central dentro de la cultura, en [&hellip;]<\/p>\n","protected":false},"author":3,"featured_media":0,"comment_status":"open","ping_status":"open","sticky":false,"template":"","format":"standard","meta":{"footnotes":""},"categories":[21],"tags":[],"class_list":["post-66455","post","type-post","status-publish","format-standard","hentry","category-cultura"],"_links":{"self":[{"href":"https:\/\/diariodominicano.com\/index.php?rest_route=\/wp\/v2\/posts\/66455","targetHints":{"allow":["GET"]}}],"collection":[{"href":"https:\/\/diariodominicano.com\/index.php?rest_route=\/wp\/v2\/posts"}],"about":[{"href":"https:\/\/diariodominicano.com\/index.php?rest_route=\/wp\/v2\/types\/post"}],"author":[{"embeddable":true,"href":"https:\/\/diariodominicano.com\/index.php?rest_route=\/wp\/v2\/users\/3"}],"replies":[{"embeddable":true,"href":"https:\/\/diariodominicano.com\/index.php?rest_route=%2Fwp%2Fv2%2Fcomments&post=66455"}],"version-history":[{"count":0,"href":"https:\/\/diariodominicano.com\/index.php?rest_route=\/wp\/v2\/posts\/66455\/revisions"}],"wp:attachment":[{"href":"https:\/\/diariodominicano.com\/index.php?rest_route=%2Fwp%2Fv2%2Fmedia&parent=66455"}],"wp:term":[{"taxonomy":"category","embeddable":true,"href":"https:\/\/diariodominicano.com\/index.php?rest_route=%2Fwp%2Fv2%2Fcategories&post=66455"},{"taxonomy":"post_tag","embeddable":true,"href":"https:\/\/diariodominicano.com\/index.php?rest_route=%2Fwp%2Fv2%2Ftags&post=66455"}],"curies":[{"name":"wp","href":"https:\/\/api.w.org\/{rel}","templated":true}]}}