{"id":66454,"date":"2012-01-20T19:54:37","date_gmt":"2012-01-20T19:54:37","guid":{"rendered":"http:\/\/diariodominicano.ddns.net\/?p=66454"},"modified":"2012-01-20T19:54:37","modified_gmt":"2012-01-20T19:54:37","slug":"inauguraran-exposicion-fotografica-arboles-en-holga-de-miguel-collado","status":"publish","type":"post","link":"https:\/\/diariodominicano.com\/?p=66454","title":{"rendered":"inaugurar\u00e1n exposici\u00f3n fotogr\u00e1fica \u00ab\u00c1rboles en Holga\u00bb, de miguel collado"},"content":{"rendered":"<p><body><\/p>\n<p><span class=\"text1noticias\">Santo Domingo, RD, 20 enero.-El fot\u00f3grafo Miguel Collado inaugurar\u00e1 una muestra fotogr\u00e1fica denominada \u00c1rboles en Holga este viernes 20 de enero, a las 7 pm, en el Centro Cultural de Espa\u00f1a.  La exposici\u00f3n comprende unas 24 fotograf\u00edas del arbolado de Santo Domingo, en particular los \u00e1rboles de Gazcue, tomadas con una c\u00e1mara lomogr\u00e1fica.<\/span><\/p>\n<\/p>\n<p><span class=\"text1noticias\">Las im\u00e1genes capturadas por Collado constituyen una colecci\u00f3n de contrastes de gran fuerza y car\u00e1cter. Desde su lente, podemos apreciar la fragilidad, belleza y majestuosidad de la foresta urbana de Santo Domingo, de los \u00e1rboles que fungen como testigos silentes de la vida de los habitantes de la ciudad, con los que comparten espacio.<\/span><\/p>\n<\/p>\n<p><span class=\"text1noticias\">Desde el a\u00f1o 2009, el fot\u00f3grafo trabaja con este tipo de c\u00e1maras que le permiten capturar im\u00e1genes menos literales pero m\u00e1s \u00edntimas de los \u00e1rboles que retrata.<\/span><\/p>\n<\/p>\n<p><span class=\"text1noticias\">\u00abMe agrada la alteraci\u00f3n que produce el lente de pl\u00e1stico, al igual que los detalles que captura la pel\u00edcula. La realidad se altera, pero lo que vemos conserva detalles \u00fanicos. La c\u00e1mara Holga me da la libertad de concentrarme en lo que observo; lo t\u00e9cnico queda, con suerte, en un segundo plano. Lo que adquiere relevancia en estas fotos es la forma transmutada, y los colores alterados. Lo literal deja de existir\u00bb, expres\u00f3 Collado en torno a la exposici\u00f3n.<\/span><\/p>\n<\/p>\n<p><span class=\"text1noticias\"> BIOGRAFIA<\/span><\/p>\n<\/p>\n<p><span class=\"text1noticias\">Miguel Collado Di Franco naci\u00f3 en Santo Domingo, Rep\u00fablica Dominicana en 1972. Adem\u00e1s de ser fot\u00f3grafo, tiene estudios de econom\u00eda, finanzas y negocios internacionales.<\/span><\/p>\n<\/p>\n<p><span class=\"text1noticias\">Miguel posee estudios de fotograf\u00eda del International Center of Photography (ICP), donde tom\u00f3 cursos de estilo, iluminaci\u00f3n, retrato, fotograf\u00eda arquitect\u00f3nica, de moda, y Photoshop; con profesores como Harvey Stein, Shauna Church, Michael Crouser y Arlene Collins<\/span>. <\/p>\n<\/p>\n<\/p>\n<h6> 2012-01-20 19:54:37 <\/h6>\n<p><!--\n<link rel=\"stylesheet\" href=\"css\/bootstrap.min.css\">\n\n\n<ul class=\"pagination\">\n\t    \n\t\n\n<li >\n\t<a href='?page_no=18131'>Previous<\/a>\n\t<\/li>\n\n\n       \n    \n\n<li><a href='?page_no=1'>1<\/a><\/li>\n\n\n\n<li><a href='?page_no=2'>2<\/a><\/li>\n\n\n\n<li><a>...<\/a><\/li>\n\n\n\n<li><a href='?page_no=18130'>18130<\/a><\/li>\n\n\n\n<li><a href='?page_no=18131'>18131<\/a><\/li>\n\n\n\n<li class='active'><a>18132<\/a><\/li>\n\n\n\n<li><a href='?page_no=18133'>18133<\/a><\/li>\n\n\n\n<li><a href='?page_no=18134'>18134<\/a><\/li>\n\n\n\n<li><a>...<\/a><\/li>\n\n\n\n<li><a href='?page_no=22911'>22911<\/a><\/li>\n\n\n\n<li><a href='?page_no=22912'>22912<\/a><\/li>\n\n    \n\t\n\n<li >\n\t<a href='?page_no=18133'>Next<\/a>\n\t<\/li>\n\n\n    \n\n<li><a href='?page_no=22912'>Last &rsaquo;&rsaquo;<\/a><\/li>\n\n<\/ul>\n\n\n--><br \/>\n<\/body><\/p>\n","protected":false},"excerpt":{"rendered":"<p>Santo Domingo, RD, 20 enero.-El fot\u00f3grafo Miguel Collado inaugurar\u00e1 una muestra fotogr\u00e1fica denominada \u00c1rboles en Holga este viernes 20 de enero, a las 7 pm, en el Centro Cultural de Espa\u00f1a. La exposici\u00f3n comprende unas 24 fotograf\u00edas del arbolado de Santo Domingo, en particular los \u00e1rboles de Gazcue, tomadas con una c\u00e1mara lomogr\u00e1fica. Las im\u00e1genes [&hellip;]<\/p>\n","protected":false},"author":3,"featured_media":0,"comment_status":"open","ping_status":"open","sticky":false,"template":"","format":"standard","meta":{"footnotes":""},"categories":[21],"tags":[],"class_list":["post-66454","post","type-post","status-publish","format-standard","hentry","category-cultura"],"_links":{"self":[{"href":"https:\/\/diariodominicano.com\/index.php?rest_route=\/wp\/v2\/posts\/66454","targetHints":{"allow":["GET"]}}],"collection":[{"href":"https:\/\/diariodominicano.com\/index.php?rest_route=\/wp\/v2\/posts"}],"about":[{"href":"https:\/\/diariodominicano.com\/index.php?rest_route=\/wp\/v2\/types\/post"}],"author":[{"embeddable":true,"href":"https:\/\/diariodominicano.com\/index.php?rest_route=\/wp\/v2\/users\/3"}],"replies":[{"embeddable":true,"href":"https:\/\/diariodominicano.com\/index.php?rest_route=%2Fwp%2Fv2%2Fcomments&post=66454"}],"version-history":[{"count":0,"href":"https:\/\/diariodominicano.com\/index.php?rest_route=\/wp\/v2\/posts\/66454\/revisions"}],"wp:attachment":[{"href":"https:\/\/diariodominicano.com\/index.php?rest_route=%2Fwp%2Fv2%2Fmedia&parent=66454"}],"wp:term":[{"taxonomy":"category","embeddable":true,"href":"https:\/\/diariodominicano.com\/index.php?rest_route=%2Fwp%2Fv2%2Fcategories&post=66454"},{"taxonomy":"post_tag","embeddable":true,"href":"https:\/\/diariodominicano.com\/index.php?rest_route=%2Fwp%2Fv2%2Ftags&post=66454"}],"curies":[{"name":"wp","href":"https:\/\/api.w.org\/{rel}","templated":true}]}}