{"id":66453,"date":"2012-01-20T19:57:59","date_gmt":"2012-01-20T19:57:59","guid":{"rendered":"http:\/\/diariodominicano.ddns.net\/?p=66453"},"modified":"2012-01-20T19:57:59","modified_gmt":"2012-01-20T19:57:59","slug":"anuncian-premiacion-final-premio-joven-de-la-imagen","status":"publish","type":"post","link":"https:\/\/diariodominicano.com\/?p=66453","title":{"rendered":"Anuncian premiaci\u00f3n final Premio Joven de la Imagen"},"content":{"rendered":"<p><body><\/p>\n<p><span class=\"text1noticias\">Santo Domingo, RD 20 enero.- El centro de la imagen celebr\u00f3 el pasado miercoles a premiaci\u00f3n final del concurso Premio Joven de la Imagen en sus dos modalidades de fotograf\u00eda y video en la Casa de la Imagen. <\/span><\/p>\n<\/p>\n<p><span class=\"text1noticias\">Este concurso se desarroll\u00f3 alrededor de un eje tem\u00e1tico planteado como reflexi\u00f3n que atraviesa inquietudes conceptuales en cuanto al quehacer relacionado a la imagen (fotograf\u00eda y video). Al mismo tiempo, esta tem\u00e1tica se desarrollar\u00f3 a partir de propuestas vinculadas directamente con los contextos actuales (sociales, econ\u00f3micos, medio ambientales<\/span>.<\/p>\n<\/p>\n<h6> 2012-01-20 19:57:59 <\/h6>\n<p><!--\n<link rel=\"stylesheet\" href=\"css\/bootstrap.min.css\">\n\n\n<ul class=\"pagination\">\n\t    \n\t\n\n<li >\n\t<a href='?page_no=18130'>Previous<\/a>\n\t<\/li>\n\n\n       \n    \n\n<li><a href='?page_no=1'>1<\/a><\/li>\n\n\n\n<li><a href='?page_no=2'>2<\/a><\/li>\n\n\n\n<li><a>...<\/a><\/li>\n\n\n\n<li><a href='?page_no=18129'>18129<\/a><\/li>\n\n\n\n<li><a href='?page_no=18130'>18130<\/a><\/li>\n\n\n\n<li class='active'><a>18131<\/a><\/li>\n\n\n\n<li><a href='?page_no=18132'>18132<\/a><\/li>\n\n\n\n<li><a href='?page_no=18133'>18133<\/a><\/li>\n\n\n\n<li><a>...<\/a><\/li>\n\n\n\n<li><a href='?page_no=22911'>22911<\/a><\/li>\n\n\n\n<li><a href='?page_no=22912'>22912<\/a><\/li>\n\n    \n\t\n\n<li >\n\t<a href='?page_no=18132'>Next<\/a>\n\t<\/li>\n\n\n    \n\n<li><a href='?page_no=22912'>Last &rsaquo;&rsaquo;<\/a><\/li>\n\n<\/ul>\n\n\n--><br \/>\n<\/body><\/p>\n","protected":false},"excerpt":{"rendered":"<p>Santo Domingo, RD 20 enero.- El centro de la imagen celebr\u00f3 el pasado miercoles a premiaci\u00f3n final del concurso Premio Joven de la Imagen en sus dos modalidades de fotograf\u00eda y video en la Casa de la Imagen. Este concurso se desarroll\u00f3 alrededor de un eje tem\u00e1tico planteado como reflexi\u00f3n que atraviesa inquietudes conceptuales en [&hellip;]<\/p>\n","protected":false},"author":3,"featured_media":0,"comment_status":"open","ping_status":"open","sticky":false,"template":"","format":"standard","meta":{"footnotes":""},"categories":[21],"tags":[],"class_list":["post-66453","post","type-post","status-publish","format-standard","hentry","category-cultura"],"_links":{"self":[{"href":"https:\/\/diariodominicano.com\/index.php?rest_route=\/wp\/v2\/posts\/66453","targetHints":{"allow":["GET"]}}],"collection":[{"href":"https:\/\/diariodominicano.com\/index.php?rest_route=\/wp\/v2\/posts"}],"about":[{"href":"https:\/\/diariodominicano.com\/index.php?rest_route=\/wp\/v2\/types\/post"}],"author":[{"embeddable":true,"href":"https:\/\/diariodominicano.com\/index.php?rest_route=\/wp\/v2\/users\/3"}],"replies":[{"embeddable":true,"href":"https:\/\/diariodominicano.com\/index.php?rest_route=%2Fwp%2Fv2%2Fcomments&post=66453"}],"version-history":[{"count":0,"href":"https:\/\/diariodominicano.com\/index.php?rest_route=\/wp\/v2\/posts\/66453\/revisions"}],"wp:attachment":[{"href":"https:\/\/diariodominicano.com\/index.php?rest_route=%2Fwp%2Fv2%2Fmedia&parent=66453"}],"wp:term":[{"taxonomy":"category","embeddable":true,"href":"https:\/\/diariodominicano.com\/index.php?rest_route=%2Fwp%2Fv2%2Fcategories&post=66453"},{"taxonomy":"post_tag","embeddable":true,"href":"https:\/\/diariodominicano.com\/index.php?rest_route=%2Fwp%2Fv2%2Ftags&post=66453"}],"curies":[{"name":"wp","href":"https:\/\/api.w.org\/{rel}","templated":true}]}}