{"id":66452,"date":"2012-01-20T20:21:43","date_gmt":"2012-01-20T20:21:43","guid":{"rendered":"http:\/\/diariodominicano.ddns.net\/?p=66452"},"modified":"2012-01-20T20:21:43","modified_gmt":"2012-01-20T20:21:43","slug":"se-exhibe-muestra-sobre-japon-en-el-museo-del-hombre","status":"publish","type":"post","link":"https:\/\/diariodominicano.com\/?p=66452","title":{"rendered":"Se exhibe muestra sobre Jap\u00f3n en el Museo del Hombre"},"content":{"rendered":"<p><body><\/p>\n<p><span class=\"text1noticias\">Santo Domingo, RD 20 enero.- Se trata de la acostumbrado muestra de calendarios del Jap\u00f3n, que este a\u00f1o se le suma una colecci\u00f3n de mu\u00f1ecas tradicionales. <\/span><\/p>\n<\/p>\n<p><span class=\"text1noticias\">El Ministerio de Cultura y la embajada de Jap\u00f3n inauguraron recientemente la exposici\u00f3n \u00abMu\u00f1ecas y Calendarios del Jap\u00f3n\u00bb, en el Museo del Hombre Dominicano, la cual recoge 73 mu\u00f1ecas tradicionales japonesas conocidas como \u00abNingyo\u00bb y 150 calendarios donados por la Asociaci\u00f3n Nacional de Publicadores de Calendarios del Jap\u00f3n.<\/span><\/p>\n<\/p>\n<p><span class=\"text1noticias\">El acto de apertura estuvo encabezado por el Embajador de Jap\u00f3n, Soichi Sato, y el director del Museo del Hombre Dominicano, arquitecto Christian Mart\u00ednez Villanueva, acompa\u00f1ados por un nutrido grupo de personalidades.<\/span><\/p>\n<\/p>\n<p><span class=\"text1noticias\">Soichi Sato explic\u00f3 el significado de la tradicional mu\u00f1eca, tra\u00edda desde la regi\u00f3n norte del pa\u00eds asi\u00e1tico, donde ocurri\u00f3 el terremoto y maremoto en marzo 2011. <\/span><\/p>\n<\/p>\n<p><span class=\"text1noticias\">El diplom\u00e1tico  dijo que \u00aben tiempos antiguos los agricultores acostumbraban a descansar en los ba\u00f1os termales y en esos viajes compraban estas mu\u00f1ecas como souvenir, desde entonces eran s\u00edmbolos de la gente que deseaban la recuperaci\u00f3n del cuerpo y el alma\u00bb.<\/span><\/p>\n<\/p>\n<p><span class=\"text1noticias\">Ningyo significa \u00abfigura humana\u00bb y posee diversos estilos que abarcan desde guerreros, h\u00e9roes y dioses, creados en diferentes materiales (arcilla, madera, tela, porcelana y papel); \u00abcobrando vida, a trav\u00e9s de sus t\u00e9cnicas de expresi\u00f3n y un despliegue de color\u00bb, resalt\u00f3 Sato. <\/span><\/p>\n<\/p>\n<p><span class=\"text1noticias\">Los calendarios, que muestran la gran diversidad de la cultura japonesa a trav\u00e9s de hermosas fotograf\u00edas de paisajes, jardines t\u00edpicos y la vida cotidiana, ser\u00e1n obsequiados a todos los interesados, posterior a la clausura de la exposici\u00f3n, afirm\u00f3 el embajador de Jap\u00f3n.<\/span><\/p>\n<\/p>\n<p><span class=\"text1noticias\">La exposici\u00f3n estar\u00e1 abierta hasta el pr\u00f3ximo dos de febrero<\/span>.<\/p>\n<\/p>\n<\/p>\n<h6> 2012-01-20 20:21:43 <\/h6>\n<p><!--\n<link rel=\"stylesheet\" href=\"css\/bootstrap.min.css\">\n\n\n<ul class=\"pagination\">\n\t    \n\t\n\n<li >\n\t<a href='?page_no=18129'>Previous<\/a>\n\t<\/li>\n\n\n       \n    \n\n<li><a href='?page_no=1'>1<\/a><\/li>\n\n\n\n<li><a href='?page_no=2'>2<\/a><\/li>\n\n\n\n<li><a>...<\/a><\/li>\n\n\n\n<li><a href='?page_no=18128'>18128<\/a><\/li>\n\n\n\n<li><a href='?page_no=18129'>18129<\/a><\/li>\n\n\n\n<li class='active'><a>18130<\/a><\/li>\n\n\n\n<li><a href='?page_no=18131'>18131<\/a><\/li>\n\n\n\n<li><a href='?page_no=18132'>18132<\/a><\/li>\n\n\n\n<li><a>...<\/a><\/li>\n\n\n\n<li><a href='?page_no=22911'>22911<\/a><\/li>\n\n\n\n<li><a href='?page_no=22912'>22912<\/a><\/li>\n\n    \n\t\n\n<li >\n\t<a href='?page_no=18131'>Next<\/a>\n\t<\/li>\n\n\n    \n\n<li><a href='?page_no=22912'>Last &rsaquo;&rsaquo;<\/a><\/li>\n\n<\/ul>\n\n\n--><br \/>\n<\/body><\/p>\n","protected":false},"excerpt":{"rendered":"<p>Santo Domingo, RD 20 enero.- Se trata de la acostumbrado muestra de calendarios del Jap\u00f3n, que este a\u00f1o se le suma una colecci\u00f3n de mu\u00f1ecas tradicionales. El Ministerio de Cultura y la embajada de Jap\u00f3n inauguraron recientemente la exposici\u00f3n \u00abMu\u00f1ecas y Calendarios del Jap\u00f3n\u00bb, en el Museo del Hombre Dominicano, la cual recoge 73 mu\u00f1ecas [&hellip;]<\/p>\n","protected":false},"author":3,"featured_media":0,"comment_status":"open","ping_status":"open","sticky":false,"template":"","format":"standard","meta":{"footnotes":""},"categories":[21],"tags":[],"class_list":["post-66452","post","type-post","status-publish","format-standard","hentry","category-cultura"],"_links":{"self":[{"href":"https:\/\/diariodominicano.com\/index.php?rest_route=\/wp\/v2\/posts\/66452","targetHints":{"allow":["GET"]}}],"collection":[{"href":"https:\/\/diariodominicano.com\/index.php?rest_route=\/wp\/v2\/posts"}],"about":[{"href":"https:\/\/diariodominicano.com\/index.php?rest_route=\/wp\/v2\/types\/post"}],"author":[{"embeddable":true,"href":"https:\/\/diariodominicano.com\/index.php?rest_route=\/wp\/v2\/users\/3"}],"replies":[{"embeddable":true,"href":"https:\/\/diariodominicano.com\/index.php?rest_route=%2Fwp%2Fv2%2Fcomments&post=66452"}],"version-history":[{"count":0,"href":"https:\/\/diariodominicano.com\/index.php?rest_route=\/wp\/v2\/posts\/66452\/revisions"}],"wp:attachment":[{"href":"https:\/\/diariodominicano.com\/index.php?rest_route=%2Fwp%2Fv2%2Fmedia&parent=66452"}],"wp:term":[{"taxonomy":"category","embeddable":true,"href":"https:\/\/diariodominicano.com\/index.php?rest_route=%2Fwp%2Fv2%2Fcategories&post=66452"},{"taxonomy":"post_tag","embeddable":true,"href":"https:\/\/diariodominicano.com\/index.php?rest_route=%2Fwp%2Fv2%2Ftags&post=66452"}],"curies":[{"name":"wp","href":"https:\/\/api.w.org\/{rel}","templated":true}]}}