{"id":66451,"date":"2012-01-20T20:35:02","date_gmt":"2012-01-20T20:35:02","guid":{"rendered":"http:\/\/diariodominicano.ddns.net\/?p=66451"},"modified":"2012-01-20T20:35:02","modified_gmt":"2012-01-20T20:35:02","slug":"valdez-albizu-recibe-maximo-galardon-de-la-fundacion-pro-juventud","status":"publish","type":"post","link":"https:\/\/diariodominicano.com\/?p=66451","title":{"rendered":"&#13;Valdez Albizu recibe m\u00e1ximo galard\u00f3n de la Fundaci\u00f3n Pro-Juventud"},"content":{"rendered":"<p><body><\/p>\n<p><img decoding=\"async\" src=\"img3\/Premio pro-juventud.JPG\" \/>  <\/p>\n<p><span class=\"text1noticias\">SANTO DOMINGO, 20 Ene 2012.-El Gobernador del Banco Central, H\u00e9ctor Valdez Albizu, recibi\u00f3 el m\u00e1ximo galard\u00f3n  de la cuarta entrega de los premios de la Fundaci\u00f3n Pro Juventud, por su integridad y buen ejemplo para la juventud dominicana.<\/span><\/p>\n<\/p>\n<p><span class=\"text1noticias\">Durante la ceremonia, celebrada en la Sala de la Cultura del Teatro Nacional,  tambi\u00e9n fueron galardonadas otras siete personalidades, el ministro de Trabajo, Francisco Dom\u00ednguez Brito; do\u00f1a Mary P\u00e9rez de Marranzini, Presidenta de la Asociaci\u00f3n Dominicana de Rehabilitaci\u00f3n; las periodistas Nuria Piera y Manuela Lora; los legisladores Esther Minyetti y Alberto Atallah; y el empresario V\u00edctor de los Santos.<\/span><\/p>\n<\/p>\n<p><span class=\"text1noticias\">En sus palabras de agradecimiento, Valdez Albizu dijo que aceptaba el galard\u00f3n con alegr\u00eda y orgullo, ya que lo distingu\u00eda estar al lado de figuras destacadas de la sociedad dominicana como las premiadas por Pro-Juventud.<\/span><\/p>\n<\/p>\n<p><span class=\"text1noticias\">El Gobernador del Banco Central apel\u00f3 al rescate y revalorizaci\u00f3n de la sociedad y record\u00f3 que \u00abpara nadie es un secreto que en la Rep\u00fablica Dominicana, como en muchos otros pa\u00edses latinoamericanos, tenemos una profunda crisis \u00e9tica que se ha incorporado como parte de nuestra vida social, manifest\u00e1ndose en una progresiva  p\u00e9rdida de valores\u00bb.<\/span><\/p>\n<\/p>\n<p><span class=\"text1noticias\">Consider\u00f3 que \u00abla clave de la revalorizaci\u00f3n social est\u00e1 en la educaci\u00f3n. Hay que dedicarse a volver a las ra\u00edces, robustecerlas y propugnar para que rescatemos esos valores morales y \u00e9ticos que se nos inculcaban en nuestros hogares\u00bb.<\/span><\/p>\n<p><span class=\"text1noticias\"> <\/span><\/p>\n<p><span class=\"text1noticias\">\u00abSolo as\u00ed podr\u00e1 renacer nuestra sociedad: con gestos de tolerancia, de respeto, muestras claras de integridad y honestidad, de vocaci\u00f3n por la verdad, de trabajo eficiente y transparente\u00bb, expres\u00f3 el Gobernador.<\/span><\/p>\n<p><span class=\"text1noticias\"> <\/span><\/p>\n<p><span class=\"text1noticias\">Valdez Albizu felicit\u00f3 a los j\u00f3venes de Pro-Juventud por la labor que realizan a favor de este importante sector de la sociedad y les exhort\u00f3 a continuar trabajando por el bienestar de la Naci\u00f3n.<\/span><\/p>\n<\/p>\n<p><span class=\"text1noticias\">Por la Fundaci\u00f3n Pro-Juventud, habl\u00f3 su director general, Jos\u00e9 Manuel Caraballo, quien resalt\u00f3 las cualidades de los reconocidos, defini\u00e9ndolos como ejemplos para la sociedad y, en especial, para los j\u00f3venes del pa\u00eds.<\/span><\/p>\n<\/p>\n<p><strong><em><u><span class=\"text1noticias\">Fundaci\u00f3n Pro Juventud <\/span><\/u><\/em><\/strong><\/p>\n<\/p>\n<p><span class=\"text1noticias\">Es una fundaci\u00f3n no lucrativa  cuyo objetivo es contribuir a la construcci\u00f3n de una sociedad  basada en valores \u00e9ticos, morales, democr\u00e1ticos, de equidad y justicia, con \u00e9nfasis en la transparecia y la igualdad de oportunidades.<\/span><\/p>\n<\/p>\n<p><span class=\"text1noticias\">En la ceremonia de entrega del premio, el Gobernador estuvo acompa\u00f1ado de los principales funcionarios del Banco Central, entre ellos, la Vicegobernadora Clarissa de la Rocha de Torres y el Gerente Pedro Silverio.<\/span><\/p>\n<p><span class=\"text1noticias\"> <\/span><\/p>\n<\/p>\n<h6> 2012-01-20 20:35:02 <\/h6>\n<p><!--\n<link rel=\"stylesheet\" href=\"css\/bootstrap.min.css\">\n\n\n<ul class=\"pagination\">\n\t    \n\t\n\n<li >\n\t<a href='?page_no=18128'>Previous<\/a>\n\t<\/li>\n\n\n       \n    \n\n<li><a href='?page_no=1'>1<\/a><\/li>\n\n\n\n<li><a href='?page_no=2'>2<\/a><\/li>\n\n\n\n<li><a>...<\/a><\/li>\n\n\n\n<li><a href='?page_no=18127'>18127<\/a><\/li>\n\n\n\n<li><a href='?page_no=18128'>18128<\/a><\/li>\n\n\n\n<li class='active'><a>18129<\/a><\/li>\n\n\n\n<li><a href='?page_no=18130'>18130<\/a><\/li>\n\n\n\n<li><a href='?page_no=18131'>18131<\/a><\/li>\n\n\n\n<li><a>...<\/a><\/li>\n\n\n\n<li><a href='?page_no=22911'>22911<\/a><\/li>\n\n\n\n<li><a href='?page_no=22912'>22912<\/a><\/li>\n\n    \n\t\n\n<li >\n\t<a href='?page_no=18130'>Next<\/a>\n\t<\/li>\n\n\n    \n\n<li><a href='?page_no=22912'>Last &rsaquo;&rsaquo;<\/a><\/li>\n\n<\/ul>\n\n\n--><br \/>\n<\/body><\/p>\n","protected":false},"excerpt":{"rendered":"<p>SANTO DOMINGO, 20 Ene 2012.-El Gobernador del Banco Central, H\u00e9ctor Valdez Albizu, recibi\u00f3 el m\u00e1ximo galard\u00f3n de la cuarta entrega de los premios de la Fundaci\u00f3n Pro Juventud, por su integridad y buen ejemplo para la juventud dominicana. Durante la ceremonia, celebrada en la Sala de la Cultura del Teatro Nacional, tambi\u00e9n fueron galardonadas otras [&hellip;]<\/p>\n","protected":false},"author":3,"featured_media":0,"comment_status":"open","ping_status":"open","sticky":false,"template":"","format":"standard","meta":{"footnotes":""},"categories":[21],"tags":[],"class_list":["post-66451","post","type-post","status-publish","format-standard","hentry","category-cultura"],"_links":{"self":[{"href":"https:\/\/diariodominicano.com\/index.php?rest_route=\/wp\/v2\/posts\/66451","targetHints":{"allow":["GET"]}}],"collection":[{"href":"https:\/\/diariodominicano.com\/index.php?rest_route=\/wp\/v2\/posts"}],"about":[{"href":"https:\/\/diariodominicano.com\/index.php?rest_route=\/wp\/v2\/types\/post"}],"author":[{"embeddable":true,"href":"https:\/\/diariodominicano.com\/index.php?rest_route=\/wp\/v2\/users\/3"}],"replies":[{"embeddable":true,"href":"https:\/\/diariodominicano.com\/index.php?rest_route=%2Fwp%2Fv2%2Fcomments&post=66451"}],"version-history":[{"count":0,"href":"https:\/\/diariodominicano.com\/index.php?rest_route=\/wp\/v2\/posts\/66451\/revisions"}],"wp:attachment":[{"href":"https:\/\/diariodominicano.com\/index.php?rest_route=%2Fwp%2Fv2%2Fmedia&parent=66451"}],"wp:term":[{"taxonomy":"category","embeddable":true,"href":"https:\/\/diariodominicano.com\/index.php?rest_route=%2Fwp%2Fv2%2Fcategories&post=66451"},{"taxonomy":"post_tag","embeddable":true,"href":"https:\/\/diariodominicano.com\/index.php?rest_route=%2Fwp%2Fv2%2Ftags&post=66451"}],"curies":[{"name":"wp","href":"https:\/\/api.w.org\/{rel}","templated":true}]}}