{"id":66450,"date":"2012-01-20T21:26:17","date_gmt":"2012-01-20T21:26:17","guid":{"rendered":"http:\/\/diariodominicano.ddns.net\/?p=66450"},"modified":"2012-01-20T21:26:17","modified_gmt":"2012-01-20T21:26:17","slug":"declina-mario-vargas-llosa-presidir-el-instituto-cervantes","status":"publish","type":"post","link":"https:\/\/diariodominicano.com\/?p=66450","title":{"rendered":"Declina Mario Vargas Llosa presidir el Instituto Cervantes"},"content":{"rendered":"<p><body><\/p>\n<p><span class=\"text1noticias\">Madrid. Espa\u00f1a, 20 enero.- Mario Vargas Llosa dijo \u00abno\u00bb. Ni siquiera el rey Juan Carlos de Espa\u00f1a logr\u00f3 convencer al Premio Nobel de Literatura de<\/span> <span class=\"text1noticias\">que aceptara la presidencia del Instituto Cervantes. El autor de Conversaci\u00f3n en La Catedral declin\u00f3 la oferta de conducir la joya de la cultura espa\u00f1ola en el exterior porque eso le impedir\u00eda ejercer su tarea literaria como quiere hacerlo.<\/span><\/p>\n<\/p>\n<p><span class=\"text1noticias\">A sus 75 a\u00f1os, el escritor peruano, que cuenta tambi\u00e9n con la nacionalidad espa\u00f1ola, no quiere disiparse en su labor. Y \u00e9sa habr\u00eda sido muy posiblemente la consecuencia de aceptar un cargo con el que se hubiera convertido en una suerte de embajador en el mundo de la lengua y la cultura espa\u00f1olas.<\/span><\/p>\n<\/p>\n<p><span class=\"text1noticias\">La opini\u00f3n mayoritaria en Espa\u00f1a era que pocos podr\u00edan haber desempe\u00f1ado esa tarea como \u00e9l. Y en algunos c\u00edrculos se consider\u00f3 que su aceptaci\u00f3n era pr\u00e1cticamente segura porque si no, no se habr\u00eda filtrado el ofrecimiento del cargo, dec\u00edan.<\/span><\/p>\n<\/p>\n<p><span class=\"text1noticias\">El gobierno de Rajoy quiere que la lengua se convierta en la pieza clave de la acci\u00f3n cultural exterior, y Vargas Llosa era una apuesta clara para conseguirlo. La satisfacci\u00f3n de tenerlo al frente del Instituto Cervantes ser\u00eda \u00abalt\u00edsima\u00bb, dijo esta semana el ministro de Educaci\u00f3n y Cultura, Jos\u00e9 Ignacio Wert. Pero el autor de La guerra del fin del mundo ha dicho \u00abno\u00bb.<\/span><\/p>\n<\/p>\n<p><span class=\"text1noticias\">Lo hizo durante una estancia privada en Londres, desde donde envi\u00f3 una carta a Rajoy anunci\u00e1ndole su decisi\u00f3n y explic\u00e1ndole sus motivos.<\/span><\/p>\n<\/p>\n<p><span class=\"text1noticias\">A punto de que se publique en abril La civilizaci\u00f3n del espect\u00e1culo (Alfaguara), una radiograf\u00eda del mundo actual, en el que se banaliza el arte y la literatura, el escritor de Arequipa quiere seguir dedicado en profundidad a las letras.<\/span><\/p>\n<\/p>\n<p><span class=\"text1noticias\">Es la segunda vez que rechaza situarse como cabeza del Instituto Cervantes, creado en 1991 para la promoci\u00f3n de la lengua y la cultura espa\u00f1olas y que actualmente, cuando goza de un gran prestigio internacional, cuenta con 77 centros en 44 pa\u00edses de todo el mundo.<\/span><\/p>\n<\/p>\n<p><span class=\"text1noticias\">La primera oferta le lleg\u00f3 hace 16 a\u00f1os, tambi\u00e9n de un gobierno del Partido Popular (PP), en aquella fecha el que presid\u00eda Jos\u00e9 Mar\u00eda Aznar. Estaba seguro, argument\u00f3 entonces al rechazar la oferta, de que pod\u00eda servir \u00abmucho m\u00e1s a Espa\u00f1a, a la cultura y al gobierno de Aznar conservando la independencia y libertad\u00bb que ten\u00eda.<\/span><\/p>\n<\/p>\n<p><span class=\"text1noticias\">Es posible que en esta ocasi\u00f3n, m\u00e1s all\u00e1 de todos los proyectos literarios que tiene en su cabeza, tambi\u00e9n haya pesado en su decisi\u00f3n el deseo de mantener esa independencia.<\/span><\/p>\n<\/p>\n<p><span class=\"text1noticias\">El escritor, liberal confeso, no es ajeno a la pol\u00edtica a lo largo de su vida. Pero lo cierto es que siempre ha mantenido una libertad que le ha permitido moverse con comodidad en las aguas de su ideolog\u00eda.<\/span><\/p>\n<\/p>\n<p><span class=\"text1noticias\">En Per\u00fa aspir\u00f3 a la presidencia en 1990 pero de esa experiencia sali\u00f3 derrotado por Alberto Fujimori, ahora preso por asesinatos y secuestros cometidos bajo su gobierno.<\/span><\/p>\n<\/p>\n<p><span class=\"text1noticias\">Desde entonces, Vargas Llosa no ha vuelto a entrar oficialmente en pol\u00edtica, pero s\u00ed arremeti\u00f3 p\u00fablicamente contra la hija del ex mandatario, Keiko Fujimori, advirtiendo de que de si ganaba ella las elecciones presidenciales del a\u00f1o pasado en Per\u00fa, el \u00abfascismo del siglo XXI\u00bb llegar\u00eda al poder. El escritor, para evitarlo, apoy\u00f3 de hecho abiertamente al izquierdista Ollanta Humala, hoy presidente del pa\u00eds latinoamericano, en la segunda vuelta de la campa\u00f1a presidencial.<\/span><\/p>\n<\/p>\n<p><span class=\"text1noticias\">En Espa\u00f1a, Vargas Llosa no ocult\u00f3 en los a\u00f1os 90 su cercan\u00eda con el PP, entonces comandado por Aznar. Luego lleg\u00f3 Rajoy y Vargas Llosa sigui\u00f3 manteniendo su apoyo a la formaci\u00f3n conservadora. Hasta que en la escena pol\u00edtica espa\u00f1ola surgi\u00f3 Uni\u00f3n, Progreso y Democracia (UPyD) y el escritor decidi\u00f3 apoyar p\u00fablicamente a la peque\u00f1a formaci\u00f3n antinacionalista encabeza por la ex socialista Rosa D\u00edez.<\/span><\/p>\n<\/p>\n<p><span class=\"text1noticias\">La \u00abreticencia al laicismo\u00bb del PP y su oposici\u00f3n \u00abal matrimonio y la adopci\u00f3n gay\u00bb hicieron alejarse a Vargas Llosa del PP, seg\u00fan dijo el propio escritor, que en sus posturas pol\u00edticas no siempre ha logrado el mismo reconocimiento un\u00e1nime que logra con su calidad literaria.<\/span><\/p>\n<\/p>\n<p><span class=\"text1noticias\">El Premio Nobel de Literatura seguir\u00e1 colaborando con el Instituto Cervantes, de cuyo patronato, presidio por el rey Juan Carlos, forma parte desde hace 20 a\u00f1os. As\u00ed se lo dijo a Rajoy en la carta en la que le transmiti\u00f3 su decisi\u00f3n. Vargas Llosa particip\u00f3 de hecho hace pocos meses en una gira del Cervantes por Jap\u00f3n y China, dise\u00f1ada para promocionar el espa\u00f1ol en esos dos pa\u00edses asi\u00e1ticos<\/span>.<\/p>\n<\/p>\n<h6> 2012-01-20 21:26:17 <\/h6>\n<p><!--\n<link rel=\"stylesheet\" href=\"css\/bootstrap.min.css\">\n\n\n<ul class=\"pagination\">\n\t    \n\t\n\n<li >\n\t<a href='?page_no=18127'>Previous<\/a>\n\t<\/li>\n\n\n       \n    \n\n<li><a href='?page_no=1'>1<\/a><\/li>\n\n\n\n<li><a href='?page_no=2'>2<\/a><\/li>\n\n\n\n<li><a>...<\/a><\/li>\n\n\n\n<li><a href='?page_no=18126'>18126<\/a><\/li>\n\n\n\n<li><a href='?page_no=18127'>18127<\/a><\/li>\n\n\n\n<li class='active'><a>18128<\/a><\/li>\n\n\n\n<li><a href='?page_no=18129'>18129<\/a><\/li>\n\n\n\n<li><a href='?page_no=18130'>18130<\/a><\/li>\n\n\n\n<li><a>...<\/a><\/li>\n\n\n\n<li><a href='?page_no=22911'>22911<\/a><\/li>\n\n\n\n<li><a href='?page_no=22912'>22912<\/a><\/li>\n\n    \n\t\n\n<li >\n\t<a href='?page_no=18129'>Next<\/a>\n\t<\/li>\n\n\n    \n\n<li><a href='?page_no=22912'>Last &rsaquo;&rsaquo;<\/a><\/li>\n\n<\/ul>\n\n\n--><br \/>\n<\/body><\/p>\n","protected":false},"excerpt":{"rendered":"<p>Madrid. Espa\u00f1a, 20 enero.- Mario Vargas Llosa dijo \u00abno\u00bb. Ni siquiera el rey Juan Carlos de Espa\u00f1a logr\u00f3 convencer al Premio Nobel de Literatura de que aceptara la presidencia del Instituto Cervantes. El autor de Conversaci\u00f3n en La Catedral declin\u00f3 la oferta de conducir la joya de la cultura espa\u00f1ola en el exterior porque eso [&hellip;]<\/p>\n","protected":false},"author":3,"featured_media":0,"comment_status":"open","ping_status":"open","sticky":false,"template":"","format":"standard","meta":{"footnotes":""},"categories":[21],"tags":[],"class_list":["post-66450","post","type-post","status-publish","format-standard","hentry","category-cultura"],"_links":{"self":[{"href":"https:\/\/diariodominicano.com\/index.php?rest_route=\/wp\/v2\/posts\/66450","targetHints":{"allow":["GET"]}}],"collection":[{"href":"https:\/\/diariodominicano.com\/index.php?rest_route=\/wp\/v2\/posts"}],"about":[{"href":"https:\/\/diariodominicano.com\/index.php?rest_route=\/wp\/v2\/types\/post"}],"author":[{"embeddable":true,"href":"https:\/\/diariodominicano.com\/index.php?rest_route=\/wp\/v2\/users\/3"}],"replies":[{"embeddable":true,"href":"https:\/\/diariodominicano.com\/index.php?rest_route=%2Fwp%2Fv2%2Fcomments&post=66450"}],"version-history":[{"count":0,"href":"https:\/\/diariodominicano.com\/index.php?rest_route=\/wp\/v2\/posts\/66450\/revisions"}],"wp:attachment":[{"href":"https:\/\/diariodominicano.com\/index.php?rest_route=%2Fwp%2Fv2%2Fmedia&parent=66450"}],"wp:term":[{"taxonomy":"category","embeddable":true,"href":"https:\/\/diariodominicano.com\/index.php?rest_route=%2Fwp%2Fv2%2Fcategories&post=66450"},{"taxonomy":"post_tag","embeddable":true,"href":"https:\/\/diariodominicano.com\/index.php?rest_route=%2Fwp%2Fv2%2Ftags&post=66450"}],"curies":[{"name":"wp","href":"https:\/\/api.w.org\/{rel}","templated":true}]}}