{"id":66449,"date":"2012-01-20T21:29:31","date_gmt":"2012-01-20T21:29:31","guid":{"rendered":"http:\/\/diariodominicano.ddns.net\/?p=66449"},"modified":"2012-01-20T21:29:31","modified_gmt":"2012-01-20T21:29:31","slug":"exponen-a-25-artistas-plasticos-mexicanos-en-el-libro-retrato-en-voz-alta","status":"publish","type":"post","link":"https:\/\/diariodominicano.com\/?p=66449","title":{"rendered":"Exponen a 25 artistas pl\u00e1sticos mexicanos en el libro \u00abRetrato en voz alta\u00bb"},"content":{"rendered":"<p><body><\/p>\n<p><span class=\"text1noticias\">M\u00e9xico, DF 20 enero.- Entre artistas pl\u00e1sticos, fot\u00f3grafos, coleccionistas e intelectuales, la v\u00edspera se llev\u00f3 a cabo la presentaci\u00f3n de la publicaci\u00f3n Retrato en voz alta, que re\u00fane im\u00e1genes de Allan Fis y textos de Irma Zerme\u00f1o.<\/span><\/p>\n<\/p>\n<p><span class=\"text1noticias\">Se trata de un \u00abhito\u00bb dentro de los libros de arte, y tiene como virtud entrar de una forma no invasiva a mostrar la personalidad de los artistas; adem\u00e1s las fotos en blanco y negro (&#8230;) marcan las disyuntivas de las revelaciones, apunt\u00f3 la cr\u00edtica de arte Avelina Lesper, en el acto, realizado en la Sala \u00abRufino Tamayo\u00bb del Club de Industriales, en esta ciudad.<\/span><\/p>\n<\/p>\n<p><span class=\"text1noticias\">Lesper agreg\u00f3 que el fot\u00f3grafo Allan Fis revela al entrevistado sin hacerse presente el mismo, dejando que surja el artista ya sea posando de espaldas como Arturo Rivera o Jos\u00e9 Luis Cuevas dando su mejor \u00e1ngulo, o Roberto Cort\u00e1zar con un punz\u00f3n en primer plano y la mirada en la punta, o bien en la actividad art\u00edstica como Paloma Torres.<\/span><\/p>\n<\/p>\n<p><span class=\"text1noticias\">Sobre el trabajo de Zerme\u00f1o, la cr\u00edtica se\u00f1al\u00f3 que las entrevistas dejan en claro qui\u00e9n es qui\u00e9n del conjunto de artistas. Al dejarlos ser con absoluta libertad ellos se muestran as\u00ed mismos, los temas que utiliza para las entrevistas son claros detonadores, provocaciones deliberadas: religi\u00f3n, sexo amor y arte.<\/span><\/p>\n<\/p>\n<p><span class=\"text1noticias\">A\u00f1adi\u00f3 que esto a veces resulta ser suficiente para crear conversaciones interesantes y ricas, pero que en otros casos la apat\u00eda o arrogancia son infranqueables.<\/span><\/p>\n<\/p>\n<p><span class=\"text1noticias\">\u00abAh\u00ed queda el testimonio, esto hace que unas entrevistas sean m\u00e1s atractivas que otras, hay personalidades m\u00e1s seductoras y las razones esta en lo que se dice y como se dice\u00bb, asegur\u00f3 Lesper.<\/span><\/p>\n<\/p>\n<p><span class=\"text1noticias\">Por su parte, Fis comparti\u00f3 que esta publicaci\u00f3n, editada por la firma Aditores, surgi\u00f3 hace siete a\u00f1os tras una inquietud por conocer a los creadores del arte que tanto admira; y por conocer a la persona detr\u00e1s de su cita \u00abconocer sus miedos y cualidades humanes, que muy pocos conocen\u00bb.<\/span><\/p>\n<\/p>\n<p><span class=\"text1noticias\">Igualmente detall\u00f3 que todas las sesiones se realizaron o en sus hogares, o bien, en sus estudios, a fin de presentar esos espacios de dif\u00edcil acceso para las personas.<\/span><\/p>\n<\/p>\n<p><span class=\"text1noticias\">\u00abTodas las sesiones tienen dos tipos de fotos, una es con fondos negros para aislar al artista de sus espacios y otras si est\u00e1n hechas dentro de sus espacios\u00bb, se\u00f1al\u00f3 el joven fot\u00f3grafo<\/span>.<\/p>\n<\/p>\n<h6> 2012-01-20 21:29:31 <\/h6>\n<p><!--\n<link rel=\"stylesheet\" href=\"css\/bootstrap.min.css\">\n\n\n<ul class=\"pagination\">\n\t    \n\t\n\n<li >\n\t<a href='?page_no=18126'>Previous<\/a>\n\t<\/li>\n\n\n       \n    \n\n<li><a href='?page_no=1'>1<\/a><\/li>\n\n\n\n<li><a href='?page_no=2'>2<\/a><\/li>\n\n\n\n<li><a>...<\/a><\/li>\n\n\n\n<li><a href='?page_no=18125'>18125<\/a><\/li>\n\n\n\n<li><a href='?page_no=18126'>18126<\/a><\/li>\n\n\n\n<li class='active'><a>18127<\/a><\/li>\n\n\n\n<li><a href='?page_no=18128'>18128<\/a><\/li>\n\n\n\n<li><a href='?page_no=18129'>18129<\/a><\/li>\n\n\n\n<li><a>...<\/a><\/li>\n\n\n\n<li><a href='?page_no=22911'>22911<\/a><\/li>\n\n\n\n<li><a href='?page_no=22912'>22912<\/a><\/li>\n\n    \n\t\n\n<li >\n\t<a href='?page_no=18128'>Next<\/a>\n\t<\/li>\n\n\n    \n\n<li><a href='?page_no=22912'>Last &rsaquo;&rsaquo;<\/a><\/li>\n\n<\/ul>\n\n\n--><br \/>\n<\/body><\/p>\n","protected":false},"excerpt":{"rendered":"<p>M\u00e9xico, DF 20 enero.- Entre artistas pl\u00e1sticos, fot\u00f3grafos, coleccionistas e intelectuales, la v\u00edspera se llev\u00f3 a cabo la presentaci\u00f3n de la publicaci\u00f3n Retrato en voz alta, que re\u00fane im\u00e1genes de Allan Fis y textos de Irma Zerme\u00f1o. Se trata de un \u00abhito\u00bb dentro de los libros de arte, y tiene como virtud entrar de una [&hellip;]<\/p>\n","protected":false},"author":3,"featured_media":0,"comment_status":"open","ping_status":"open","sticky":false,"template":"","format":"standard","meta":{"footnotes":""},"categories":[21],"tags":[],"class_list":["post-66449","post","type-post","status-publish","format-standard","hentry","category-cultura"],"_links":{"self":[{"href":"https:\/\/diariodominicano.com\/index.php?rest_route=\/wp\/v2\/posts\/66449","targetHints":{"allow":["GET"]}}],"collection":[{"href":"https:\/\/diariodominicano.com\/index.php?rest_route=\/wp\/v2\/posts"}],"about":[{"href":"https:\/\/diariodominicano.com\/index.php?rest_route=\/wp\/v2\/types\/post"}],"author":[{"embeddable":true,"href":"https:\/\/diariodominicano.com\/index.php?rest_route=\/wp\/v2\/users\/3"}],"replies":[{"embeddable":true,"href":"https:\/\/diariodominicano.com\/index.php?rest_route=%2Fwp%2Fv2%2Fcomments&post=66449"}],"version-history":[{"count":0,"href":"https:\/\/diariodominicano.com\/index.php?rest_route=\/wp\/v2\/posts\/66449\/revisions"}],"wp:attachment":[{"href":"https:\/\/diariodominicano.com\/index.php?rest_route=%2Fwp%2Fv2%2Fmedia&parent=66449"}],"wp:term":[{"taxonomy":"category","embeddable":true,"href":"https:\/\/diariodominicano.com\/index.php?rest_route=%2Fwp%2Fv2%2Fcategories&post=66449"},{"taxonomy":"post_tag","embeddable":true,"href":"https:\/\/diariodominicano.com\/index.php?rest_route=%2Fwp%2Fv2%2Ftags&post=66449"}],"curies":[{"name":"wp","href":"https:\/\/api.w.org\/{rel}","templated":true}]}}