{"id":66446,"date":"2012-01-20T22:21:01","date_gmt":"2012-01-20T22:21:01","guid":{"rendered":"http:\/\/diariodominicano.ddns.net\/?p=66446"},"modified":"2012-01-20T22:21:01","modified_gmt":"2012-01-20T22:21:01","slug":"%c2%a8un-balsero-en-paris-el-retorno-de-jesus-rafael","status":"publish","type":"post","link":"https:\/\/diariodominicano.com\/?p=66446","title":{"rendered":"\u00a8\u00bbUn balsero en Par\u00eds\u00bb, el retorno de Jes\u00fas Rafael"},"content":{"rendered":"<p><body><\/p>\n<p><span class=\"text1noticias\">Miami, Florida, 20 enero.- Las funciones a sala llena de Un balsero en Par\u00eds le demuestran a Jes\u00fas Rafael que no estuvo errado en su decisi\u00f3n de regresar al teatro tras varios lustros dedicado a la televisi\u00f3n.<\/span><\/p>\n<\/p>\n<p><span class=\"text1noticias\">El \u00e9xito de la comedia que hoy cumple 19 semanas en la cartelera del Teatro Bellas Artes le indica que cuando se trata de una obra humor\u00edstica siempre hay un p\u00fablico dispuesto a apoyarla.<\/span><\/p>\n<\/p>\n<p><span class=\"text1noticias\">\u00abLo asombroso es que est\u00e1n asistiendo much\u00edsimos j\u00f3venes. Algo que echa por tierra el estigma de que las obras de la Calle Ocho son ?s\u00f3lo para viejitos? \u00ab, expres\u00f3 el teatrista de 53 a\u00f1os, conocido por su trabajo de guionista en El mikimb\u00edn de Miami, Casados y algo m\u00e1s y otros humor\u00edsticos que hicieron \u00e9poca en Am\u00e9rica Tev\u00e9; su pel\u00edcula Doble vida (2010) y por las comedias \u00bfQu\u00e9 ser\u00eda de mi t\u00eda si no viviera en Hialeah? y El solar de papa\u00edto, entre otros montajes que escribi\u00f3, dirigi\u00f3 y actu\u00f3 en el desaparecido Teatro Mart\u00ed de La Peque\u00f1a Habana.<\/span><\/p>\n<\/p>\n<p><span class=\"text1noticias\">\u00abPese a que las funciones son en un horario poco acostumbrado [viernes 9 p.m., s\u00e1bado 3:30 p.m. y domingo 2 p.m.] mucha gente se queda sin poder entrar\u00bb, agreg\u00f3.<\/span><\/p>\n<\/p>\n<p><span class=\"text1noticias\">Se trata de una comedia de equ\u00edvocos sobre un joven cubano que en su af\u00e1n por escapar de la isla toma una balsa rumbo a Miami sin imaginarse que recalar\u00e1 en Par\u00eds.<\/span><\/p>\n<\/p>\n<p><span class=\"text1noticias\">\u00abAll\u00ed se encuentra con su t\u00eda Madame Frou Frou, una cubana aplatanada en Francia en cuya casa recibir\u00e1 varias sorpresas\u00bb, explic\u00f3 el director al tiempo que record\u00f3 que la puesta est\u00e1 dedicada a la recordada presentadora radial Lourdes Montaner, que interpret\u00f3 el personaje en el estreno de 1993.<\/span><\/p>\n<\/p>\n<p><span class=\"text1noticias\">Un balsero en Par\u00eds cuenta con las actuaciones de B\u00e1rbaro de Jes\u00fas, Marlem, L\u00e1zaro Rodr\u00edguez, Mayl\u00e9 Cuadra, Martha L\u00f3pez Casa\u00f1as, Glenda Sarmiento, Ricardo Benedico, Antonio Plasencia y el propio director.<\/span><\/p>\n<\/p>\n<p><span class=\"text1noticias\">La producci\u00f3n ejecutiva estuvo a cargo de Mario Vi\u00f1es y su compa\u00f1\u00eda Palace Interiors.<\/span><\/p>\n<\/p>\n<p><span class=\"text1noticias\">\u00abPor las audiciones pasaron muchos actores que no creyeron en el proyecto y terminaron march\u00e1ndose. Sin embargo, los que se quedaron son muy buenos y est\u00e1n tan entusiasmados que ahora son como una gran familia\u00bb, se\u00f1al\u00f3 Jes\u00fas Rafael.<\/span><\/p>\n<\/p>\n<p><span class=\"text1noticias\">El teatrista es coautor y productor de Aquellas melod\u00edas, un tema que Marlem canta perteneciente a Sin br\u00fajula, el cuarto CD de la actriz .<\/span><\/p>\n<\/p>\n<p><span class=\"text1noticias\">\u00bb Un balsero en Par\u00eds es una obra muy fresca y llena de disparates en la que no hay nada grotesco. Est\u00e1 concebida para toda la familia\u00bb, concluy\u00f3<\/span>.<\/p>\n<\/p>\n<h6> 2012-01-20 22:21:01 <\/h6>\n<p><!--\n<link rel=\"stylesheet\" href=\"css\/bootstrap.min.css\">\n\n\n<ul class=\"pagination\">\n\t    \n\t\n\n<li >\n\t<a href='?page_no=18123'>Previous<\/a>\n\t<\/li>\n\n\n       \n    \n\n<li><a href='?page_no=1'>1<\/a><\/li>\n\n\n\n<li><a href='?page_no=2'>2<\/a><\/li>\n\n\n\n<li><a>...<\/a><\/li>\n\n\n\n<li><a href='?page_no=18122'>18122<\/a><\/li>\n\n\n\n<li><a href='?page_no=18123'>18123<\/a><\/li>\n\n\n\n<li class='active'><a>18124<\/a><\/li>\n\n\n\n<li><a href='?page_no=18125'>18125<\/a><\/li>\n\n\n\n<li><a href='?page_no=18126'>18126<\/a><\/li>\n\n\n\n<li><a>...<\/a><\/li>\n\n\n\n<li><a href='?page_no=22911'>22911<\/a><\/li>\n\n\n\n<li><a href='?page_no=22912'>22912<\/a><\/li>\n\n    \n\t\n\n<li >\n\t<a href='?page_no=18125'>Next<\/a>\n\t<\/li>\n\n\n    \n\n<li><a href='?page_no=22912'>Last &rsaquo;&rsaquo;<\/a><\/li>\n\n<\/ul>\n\n\n--><br \/>\n<\/body><\/p>\n","protected":false},"excerpt":{"rendered":"<p>Miami, Florida, 20 enero.- Las funciones a sala llena de Un balsero en Par\u00eds le demuestran a Jes\u00fas Rafael que no estuvo errado en su decisi\u00f3n de regresar al teatro tras varios lustros dedicado a la televisi\u00f3n. El \u00e9xito de la comedia que hoy cumple 19 semanas en la cartelera del Teatro Bellas Artes le [&hellip;]<\/p>\n","protected":false},"author":3,"featured_media":0,"comment_status":"open","ping_status":"open","sticky":false,"template":"","format":"standard","meta":{"footnotes":""},"categories":[21],"tags":[],"class_list":["post-66446","post","type-post","status-publish","format-standard","hentry","category-cultura"],"_links":{"self":[{"href":"https:\/\/diariodominicano.com\/index.php?rest_route=\/wp\/v2\/posts\/66446","targetHints":{"allow":["GET"]}}],"collection":[{"href":"https:\/\/diariodominicano.com\/index.php?rest_route=\/wp\/v2\/posts"}],"about":[{"href":"https:\/\/diariodominicano.com\/index.php?rest_route=\/wp\/v2\/types\/post"}],"author":[{"embeddable":true,"href":"https:\/\/diariodominicano.com\/index.php?rest_route=\/wp\/v2\/users\/3"}],"replies":[{"embeddable":true,"href":"https:\/\/diariodominicano.com\/index.php?rest_route=%2Fwp%2Fv2%2Fcomments&post=66446"}],"version-history":[{"count":0,"href":"https:\/\/diariodominicano.com\/index.php?rest_route=\/wp\/v2\/posts\/66446\/revisions"}],"wp:attachment":[{"href":"https:\/\/diariodominicano.com\/index.php?rest_route=%2Fwp%2Fv2%2Fmedia&parent=66446"}],"wp:term":[{"taxonomy":"category","embeddable":true,"href":"https:\/\/diariodominicano.com\/index.php?rest_route=%2Fwp%2Fv2%2Fcategories&post=66446"},{"taxonomy":"post_tag","embeddable":true,"href":"https:\/\/diariodominicano.com\/index.php?rest_route=%2Fwp%2Fv2%2Ftags&post=66446"}],"curies":[{"name":"wp","href":"https:\/\/api.w.org\/{rel}","templated":true}]}}