{"id":664451,"date":"2026-02-08T22:38:17","date_gmt":"2026-02-09T02:38:17","guid":{"rendered":"https:\/\/diariodominicano.com\/?p=664451"},"modified":"2026-02-08T22:39:44","modified_gmt":"2026-02-09T02:39:44","slug":"procompetencia-investiga-a-tres-agentes-economicos-por-posibles-practicas-anticompetitivas-en-licitacion-del-inabie","status":"publish","type":"post","link":"https:\/\/diariodominicano.com\/?p=664451","title":{"rendered":"ProCompetencia investiga a tres agentes econ\u00f3micos por posibles pr\u00e1cticas anticompetitivas en licitaci\u00f3n del INABIE"},"content":{"rendered":"\n<p><strong><em>Con este caso, la instituci\u00f3n da inicio al proceso de apertura de investigaciones de 2026, luego de que el a\u00f1o pasado se alcanzara un r\u00e9cord de cinco casos que involucraron a 16 agentes econ\u00f3micos.<\/em><\/strong><\/p>\n\n\n\n<p><strong>Santo Domingo.&nbsp;La Direcci\u00f3n Ejecutiva de la Comisi\u00f3n Nacional de Defensa de la Competencia (Pro-Competencia) orden\u00f3 el inicio de una investigaci\u00f3n de oficio contra&nbsp;los agentes econ\u00f3micos&nbsp;<u>Ana Esmeralda Santana y Santana de Nova<\/u>,&nbsp;<u>Andrea Rosaura Polanco Santana<\/u>&nbsp;e&nbsp;<u>Ireana Milagros Nova Santana<\/u>, tras encontrar indicios razonables de coordinaci\u00f3n de ofertas y pr\u00e1cticas anticompetitivas en un&nbsp;proceso de compras p\u00fablicas&nbsp;para el Programa de Alimentaci\u00f3n Escolar, convocado por el Instituto Nacional de Bienestar Estudiantil (INABIE).&nbsp;<\/strong><\/p>\n\n\n\n<p><strong>La disposici\u00f3n fue adoptada mediante la&nbsp;<a href=\"https:\/\/procompetencia.gob.do\/resoluciones\/\" target=\"_blank\" rel=\"noreferrer noopener\">Resoluci\u00f3n n\u00fam. RII-DE-AAC-001-2026<\/a>, la primera emitida en el presente a\u00f1o en esta materia, con la cual la instituci\u00f3n da inicio formal al proceso de apertura de investigaciones de 2026, luego de que en 2025 se registrara un r\u00e9cord de cinco casos que involucraron a 16 agentes econ\u00f3micos.<\/strong><\/p>\n\n\n\n<p><strong>Durante el an\u00e1lisis de la documentaci\u00f3n correspondiente a la licitaci\u00f3n, la Direcci\u00f3n Ejecutiva identific\u00f3 m\u00faltiples coincidencias que refuerzan la hip\u00f3tesis de una posible colusi\u00f3n entre los referidos agentes econ\u00f3micos, incluyendo v\u00ednculos societarios entre los oferentes y el uso de una red de proveedores comunes, entre los que destacan un mismo notario p\u00fablico y un mismo contador p\u00fablico autorizado.<\/strong><\/p>\n\n\n\n<p><strong>Asimismo, se identific\u00f3 la obtenci\u00f3n de documentos clave, como cartas de referencia bancaria con numeraci\u00f3n consecutiva, adem\u00e1s de la presentaci\u00f3n de programas de control de plagas id\u00e9nticos, ejecutados por la misma empresa y por el mismo t\u00e9cnico fumigador, en fechas coincidentes.<\/strong><\/p>\n\n\n\n<p><strong>\u201cEstos elementos sugieren una posible coordinaci\u00f3n para manipular los resultados del procedimiento\u201d, precis\u00f3 la Direcci\u00f3n Ejecutiva.<\/strong><\/p>\n\n\n\n<p><strong>La conducta investigada se tipifica, de manera preliminar, en el art\u00edculo 5, literal \u201cb\u201d, de la Ley n\u00fam. 42-08, que proh\u00edbe los acuerdos para coordinar ofertas.<\/strong><\/p>\n\n\n\n<p><strong>La Direcci\u00f3n Ejecutiva de ProCompetencia aclar\u00f3 que esta resoluci\u00f3n no prejuzga la culpabilidad de las empresas investigadas, sino que habilita la fase investigativa para contrastar los elementos disponibles y garantizar el derecho a la defensa, conforme al principio de presunci\u00f3n de inocencia, hasta que una decisi\u00f3n final y firme determine lo contrario.<\/strong><\/p>\n\n\n\n<p><strong>Prensa de ProCompetencia <a href=\"mailto:prensa@procompetencia.gob.do\">prensa@procompetencia.gob.do<\/a><\/strong><\/p>\n\n\n\n<p><strong>#ProCompetencia #INABIE<\/strong><\/p>\n","protected":false},"excerpt":{"rendered":"<p>Con este caso, la instituci\u00f3n da inicio al proceso de apertura de investigaciones de 2026, luego de que el a\u00f1o pasado se alcanzara un r\u00e9cord de cinco casos que involucraron a 16 agentes econ\u00f3micos. Santo Domingo.&nbsp;La Direcci\u00f3n Ejecutiva de la Comisi\u00f3n Nacional de Defensa de la Competencia (Pro-Competencia) orden\u00f3 el inicio de una investigaci\u00f3n de [&hellip;]<\/p>\n","protected":false},"author":7,"featured_media":664479,"comment_status":"closed","ping_status":"closed","sticky":false,"template":"","format":"standard","meta":{"footnotes":""},"categories":[36],"tags":[2544,3883],"class_list":["post-664451","post","type-post","status-publish","format-standard","has-post-thumbnail","hentry","category-hombresmujeresycosas","tag-inabie","tag-procompetencia"],"_links":{"self":[{"href":"https:\/\/diariodominicano.com\/index.php?rest_route=\/wp\/v2\/posts\/664451","targetHints":{"allow":["GET"]}}],"collection":[{"href":"https:\/\/diariodominicano.com\/index.php?rest_route=\/wp\/v2\/posts"}],"about":[{"href":"https:\/\/diariodominicano.com\/index.php?rest_route=\/wp\/v2\/types\/post"}],"author":[{"embeddable":true,"href":"https:\/\/diariodominicano.com\/index.php?rest_route=\/wp\/v2\/users\/7"}],"replies":[{"embeddable":true,"href":"https:\/\/diariodominicano.com\/index.php?rest_route=%2Fwp%2Fv2%2Fcomments&post=664451"}],"version-history":[{"count":1,"href":"https:\/\/diariodominicano.com\/index.php?rest_route=\/wp\/v2\/posts\/664451\/revisions"}],"predecessor-version":[{"id":664480,"href":"https:\/\/diariodominicano.com\/index.php?rest_route=\/wp\/v2\/posts\/664451\/revisions\/664480"}],"wp:featuredmedia":[{"embeddable":true,"href":"https:\/\/diariodominicano.com\/index.php?rest_route=\/wp\/v2\/media\/664479"}],"wp:attachment":[{"href":"https:\/\/diariodominicano.com\/index.php?rest_route=%2Fwp%2Fv2%2Fmedia&parent=664451"}],"wp:term":[{"taxonomy":"category","embeddable":true,"href":"https:\/\/diariodominicano.com\/index.php?rest_route=%2Fwp%2Fv2%2Fcategories&post=664451"},{"taxonomy":"post_tag","embeddable":true,"href":"https:\/\/diariodominicano.com\/index.php?rest_route=%2Fwp%2Fv2%2Ftags&post=664451"}],"curies":[{"name":"wp","href":"https:\/\/api.w.org\/{rel}","templated":true}]}}