{"id":66445,"date":"2012-01-21T15:40:23","date_gmt":"2012-01-21T15:40:23","guid":{"rendered":"http:\/\/diariodominicano.ddns.net\/?p=66445"},"modified":"2012-01-21T15:40:23","modified_gmt":"2012-01-21T15:40:23","slug":"presentaran-en-museo-de-arte-moderno-%c2%a8musa-moda%c2%a8","status":"publish","type":"post","link":"https:\/\/diariodominicano.com\/?p=66445","title":{"rendered":"Presentar\u00e1n en Museo de Arte Moderno \u00a8Musa &amp; Moda\u00a8&#13;"},"content":{"rendered":"<p><body><\/p>\n<p><span class=\"text1noticias\">Santo Domingo, RD.- El CineMAM, cine club oficial del Museo de Arte Moderno presentar\u00e1 el conversatorio y proyecci\u00f3n de<\/span> <span class=\"text1noticias\">dise\u00f1adores \u00a8Musa &amp; Moda\u00a8, en el auditorio,  los d\u00edas 26, 27 y 28 de enero, a las 7:00 de la noche. <\/span><\/p>\n<\/p>\n<p><span class=\"text1noticias\">CineMAM, Cine+Arte, como ha sido denominado, busca convertirse en un espacio audiovisual alternativo, establecer di\u00e1logos entre los artistas, el p\u00fablico y mostrar materiales in\u00e9ditos de artistas del video arte, animaci\u00f3n, video y performance, entre otras tem\u00e1ticas.<\/span><\/p>\n<\/p>\n<p><span class=\"text1noticias\">Para su segunda entrega, el CineMAM explora el tema de la inspiraci\u00f3n, dirigiendo su atenci\u00f3n al mundo de la moda, a trav\u00e9s de proyecciones especiales de los procesos creativos e inspiraci\u00f3n de tres dise\u00f1adores extranjeros.<\/span><\/p>\n<\/p>\n<p><span class=\"text1noticias\">Jos\u00e9 Jhan, Carlos de Moya y Luis Dom\u00ednguez son los tres dise\u00f1adores dominicanos que participar\u00e1n en esta innovadora muestra, acompa\u00f1ados de los moderador especializado en el \u00e1rea de modas Airam Toribio, Cherny Reyes y Luis Hidalgo.<\/span><\/p>\n<\/p>\n<p><span class=\"text1noticias\">El conversatorio, que reunir\u00e1 a estos destacados dise\u00f1adores dominicanos y especialistas en moda, durante tres d\u00edas consecutivos, tendr\u00e1 un costo cada noche de RD$ 50.00 pesos por persona.<\/span><\/p>\n<\/p>\n<p><span class=\"text1noticias\"> El Museo de Arte Moderno de la Rep\u00fablica Dominicana est\u00e1 localizado en la Av. Pedro Henr\u00edquez Ure\u00f1a, Plaza de la Cultura Juan Pablo Duart<\/span>e.<\/p>\n<\/p>\n<\/p>\n<h6> 2012-01-21 15:40:23 <\/h6>\n<p><!--\n<link rel=\"stylesheet\" href=\"css\/bootstrap.min.css\">\n\n\n<ul class=\"pagination\">\n\t    \n\t\n\n<li >\n\t<a href='?page_no=18122'>Previous<\/a>\n\t<\/li>\n\n\n       \n    \n\n<li><a href='?page_no=1'>1<\/a><\/li>\n\n\n\n<li><a href='?page_no=2'>2<\/a><\/li>\n\n\n\n<li><a>...<\/a><\/li>\n\n\n\n<li><a href='?page_no=18121'>18121<\/a><\/li>\n\n\n\n<li><a href='?page_no=18122'>18122<\/a><\/li>\n\n\n\n<li class='active'><a>18123<\/a><\/li>\n\n\n\n<li><a href='?page_no=18124'>18124<\/a><\/li>\n\n\n\n<li><a href='?page_no=18125'>18125<\/a><\/li>\n\n\n\n<li><a>...<\/a><\/li>\n\n\n\n<li><a href='?page_no=22911'>22911<\/a><\/li>\n\n\n\n<li><a href='?page_no=22912'>22912<\/a><\/li>\n\n    \n\t\n\n<li >\n\t<a href='?page_no=18124'>Next<\/a>\n\t<\/li>\n\n\n    \n\n<li><a href='?page_no=22912'>Last &rsaquo;&rsaquo;<\/a><\/li>\n\n<\/ul>\n\n\n--><br \/>\n<\/body><\/p>\n","protected":false},"excerpt":{"rendered":"<p>Santo Domingo, RD.- El CineMAM, cine club oficial del Museo de Arte Moderno presentar\u00e1 el conversatorio y proyecci\u00f3n de dise\u00f1adores \u00a8Musa &amp; Moda\u00a8, en el auditorio, los d\u00edas 26, 27 y 28 de enero, a las 7:00 de la noche. CineMAM, Cine+Arte, como ha sido denominado, busca convertirse en un espacio audiovisual alternativo, establecer di\u00e1logos [&hellip;]<\/p>\n","protected":false},"author":3,"featured_media":0,"comment_status":"open","ping_status":"open","sticky":false,"template":"","format":"standard","meta":{"footnotes":""},"categories":[21],"tags":[],"class_list":["post-66445","post","type-post","status-publish","format-standard","hentry","category-cultura"],"_links":{"self":[{"href":"https:\/\/diariodominicano.com\/index.php?rest_route=\/wp\/v2\/posts\/66445","targetHints":{"allow":["GET"]}}],"collection":[{"href":"https:\/\/diariodominicano.com\/index.php?rest_route=\/wp\/v2\/posts"}],"about":[{"href":"https:\/\/diariodominicano.com\/index.php?rest_route=\/wp\/v2\/types\/post"}],"author":[{"embeddable":true,"href":"https:\/\/diariodominicano.com\/index.php?rest_route=\/wp\/v2\/users\/3"}],"replies":[{"embeddable":true,"href":"https:\/\/diariodominicano.com\/index.php?rest_route=%2Fwp%2Fv2%2Fcomments&post=66445"}],"version-history":[{"count":0,"href":"https:\/\/diariodominicano.com\/index.php?rest_route=\/wp\/v2\/posts\/66445\/revisions"}],"wp:attachment":[{"href":"https:\/\/diariodominicano.com\/index.php?rest_route=%2Fwp%2Fv2%2Fmedia&parent=66445"}],"wp:term":[{"taxonomy":"category","embeddable":true,"href":"https:\/\/diariodominicano.com\/index.php?rest_route=%2Fwp%2Fv2%2Fcategories&post=66445"},{"taxonomy":"post_tag","embeddable":true,"href":"https:\/\/diariodominicano.com\/index.php?rest_route=%2Fwp%2Fv2%2Ftags&post=66445"}],"curies":[{"name":"wp","href":"https:\/\/api.w.org\/{rel}","templated":true}]}}