{"id":66443,"date":"2012-01-21T16:09:05","date_gmt":"2012-01-21T16:09:05","guid":{"rendered":"http:\/\/diariodominicano.ddns.net\/?p=66443"},"modified":"2012-01-21T16:09:05","modified_gmt":"2012-01-21T16:09:05","slug":"embajador-de-finlandia-destaca-los-logros-de-educacion-de-su-pais","status":"publish","type":"post","link":"https:\/\/diariodominicano.com\/?p=66443","title":{"rendered":"Embajador de Finlandia destaca los logros de educaci\u00f3n de su pa\u00eds"},"content":{"rendered":"<p><body><\/p>\n<p><img decoding=\"async\" src=\"img3\/finladiauasd.JPG\" \/>  <\/p>\n<p><span class=\"text1noticias\">Rep.Dom, 21 de Enero.- El embajador de Finlandia en el pa\u00eds destac\u00f3 los logros alcanzados por ese pa\u00eds en materia de educaci\u00f3n y ponder\u00f3 que esa naci\u00f3n ha estado siempre en los primeros lugares competitivos en esa \u00e1rea y que esto se debe a  que han sabido manejar sus energ\u00edas, aprovechando los pocos recursos naturales que les ha tocado.<\/span><\/p>\n<\/p>\n<p><span class=\"text1noticias\">Mikki Pyhala explic\u00f3 que ese pa\u00eds tiene la menor cantidad de mortalidad infantil a nivel mundial, igualdad social, derecho a la libertad de prensa, libertad de g\u00e9nero y sostiene que todos  estos logros se deben a que se han sentado buenas bases de formaci\u00f3n acad\u00e9mica,  que inicia a los seis a\u00f1os, donde los ni\u00f1os son educados libremente, sin ex\u00e1menes y sin que los maestros sean supervisados por el Estado, ya que siempre est\u00e1n bien preparados y dirigidos por cada municipio. <\/span><\/p>\n<\/p>\n<p><span class=\"text1noticias\">El diplom\u00e1tico dijo que Finlandia es uno de los pa\u00edses m\u00e1s ricos del mundo y que esto s\u00f3lo lo explica la buena educaci\u00f3n, que adem\u00e1s es gratuita y participativa,  a la reforma agraria que permite que los agricultores puedan participar en el reparto de las riquezas y a la participaci\u00f3n de las mujeres en las tomas de decisiones a nivel social.  <\/span><\/p>\n<\/p>\n<p><span class=\"text1noticias\">Pyhala habl\u00f3 en esos t\u00e9rminos al dictar una conferencia en la Universidad Aut\u00f3noma de Santo Domingo, luego de ser recibido por el rector UASD, maestro Mateo Aquino Febrillet en el sal\u00f3n de Consejo Universitario.<\/span><\/p>\n<\/p>\n<p><span class=\"text1noticias\"> Esta visita del  embajador de Finlandia en la Rep\u00fablica Dominicana, es con  fin de fortalecer las relaciones existentes ente ambos pa\u00edses,   por lo que la ocasi\u00f3n fue propicia para que el visitante dictara una conferencia sobre \u00abLos avances de ese pa\u00eds en la Educaci\u00f3n\u00bb. <\/span><\/p>\n<\/p>\n<p><span class=\"text1noticias\">Las palabras de bienvenida estuvieron a cargo del vicerrector Docente, doctor Jorge Asjana, quien destac\u00f3 la importancia de que esa academia se relacione con  pa\u00edses desarrollados, como Finlandia,  sobre todo, en materia de educaci\u00f3n, en momentos en que la Primada de Am\u00e9rica est\u00e1 siendo sometida a un proceso de transformaci\u00f3n en b\u00fasqueda de mejor calidad acad\u00e9mica y administrativa. <\/span><\/p>\n<\/p>\n<p><span class=\"text1noticias\">El rector estuvo acompa\u00f1ado adem\u00e1s, por los vicerrectores de Investigaci\u00f3n y Postgrado, maestro Francisco Vegazo y Administrativa, maestra Emma Polanco; el secretario general, doctor Santo Inocencio Mercedes; la decana de la Facultad de Ciencias de la Educaci\u00f3n, maestra Carmen Evarista Mat\u00edas y la vicedecana de esta unidad acad\u00e9mica, maestra Clara Joa, entre otros funcionarios, profesores y estudiantes<\/span>.<\/p>\n<\/p>\n<h6> 2012-01-21 16:09:05 <\/h6>\n<p><!--\n<link rel=\"stylesheet\" href=\"css\/bootstrap.min.css\">\n\n\n<ul class=\"pagination\">\n\t    \n\t\n\n<li >\n\t<a href='?page_no=18120'>Previous<\/a>\n\t<\/li>\n\n\n       \n    \n\n<li><a href='?page_no=1'>1<\/a><\/li>\n\n\n\n<li><a href='?page_no=2'>2<\/a><\/li>\n\n\n\n<li><a>...<\/a><\/li>\n\n\n\n<li><a href='?page_no=18119'>18119<\/a><\/li>\n\n\n\n<li><a href='?page_no=18120'>18120<\/a><\/li>\n\n\n\n<li class='active'><a>18121<\/a><\/li>\n\n\n\n<li><a href='?page_no=18122'>18122<\/a><\/li>\n\n\n\n<li><a href='?page_no=18123'>18123<\/a><\/li>\n\n\n\n<li><a>...<\/a><\/li>\n\n\n\n<li><a href='?page_no=22911'>22911<\/a><\/li>\n\n\n\n<li><a href='?page_no=22912'>22912<\/a><\/li>\n\n    \n\t\n\n<li >\n\t<a href='?page_no=18122'>Next<\/a>\n\t<\/li>\n\n\n    \n\n<li><a href='?page_no=22912'>Last &rsaquo;&rsaquo;<\/a><\/li>\n\n<\/ul>\n\n\n--><br \/>\n<\/body><\/p>\n","protected":false},"excerpt":{"rendered":"<p>Rep.Dom, 21 de Enero.- El embajador de Finlandia en el pa\u00eds destac\u00f3 los logros alcanzados por ese pa\u00eds en materia de educaci\u00f3n y ponder\u00f3 que esa naci\u00f3n ha estado siempre en los primeros lugares competitivos en esa \u00e1rea y que esto se debe a que han sabido manejar sus energ\u00edas, aprovechando los pocos recursos naturales [&hellip;]<\/p>\n","protected":false},"author":3,"featured_media":0,"comment_status":"open","ping_status":"open","sticky":false,"template":"","format":"standard","meta":{"footnotes":""},"categories":[21],"tags":[],"class_list":["post-66443","post","type-post","status-publish","format-standard","hentry","category-cultura"],"_links":{"self":[{"href":"https:\/\/diariodominicano.com\/index.php?rest_route=\/wp\/v2\/posts\/66443","targetHints":{"allow":["GET"]}}],"collection":[{"href":"https:\/\/diariodominicano.com\/index.php?rest_route=\/wp\/v2\/posts"}],"about":[{"href":"https:\/\/diariodominicano.com\/index.php?rest_route=\/wp\/v2\/types\/post"}],"author":[{"embeddable":true,"href":"https:\/\/diariodominicano.com\/index.php?rest_route=\/wp\/v2\/users\/3"}],"replies":[{"embeddable":true,"href":"https:\/\/diariodominicano.com\/index.php?rest_route=%2Fwp%2Fv2%2Fcomments&post=66443"}],"version-history":[{"count":0,"href":"https:\/\/diariodominicano.com\/index.php?rest_route=\/wp\/v2\/posts\/66443\/revisions"}],"wp:attachment":[{"href":"https:\/\/diariodominicano.com\/index.php?rest_route=%2Fwp%2Fv2%2Fmedia&parent=66443"}],"wp:term":[{"taxonomy":"category","embeddable":true,"href":"https:\/\/diariodominicano.com\/index.php?rest_route=%2Fwp%2Fv2%2Fcategories&post=66443"},{"taxonomy":"post_tag","embeddable":true,"href":"https:\/\/diariodominicano.com\/index.php?rest_route=%2Fwp%2Fv2%2Ftags&post=66443"}],"curies":[{"name":"wp","href":"https:\/\/api.w.org\/{rel}","templated":true}]}}