{"id":66442,"date":"2012-01-21T17:23:06","date_gmt":"2012-01-21T17:23:06","guid":{"rendered":"http:\/\/diariodominicano.ddns.net\/?p=66442"},"modified":"2012-01-21T17:23:06","modified_gmt":"2012-01-21T17:23:06","slug":"destacados-especialistas-mexicanos-dictan-conferencias-sobre-la-conservacion-del-patrimonio-cultural-y-los-museos","status":"publish","type":"post","link":"https:\/\/diariodominicano.com\/?p=66442","title":{"rendered":"Destacados especialistas mexicanos dictan conferencias sobre la conservaci\u00f3n del patrimonio cultural y los museos"},"content":{"rendered":"<p><body><\/p>\n<p><img decoding=\"async\" src=\"img3\/especialistasmexicanos.jpg\" \/>  <\/p>\n<p><span class=\"text1noticias\">Rep.Dom, 21 de Enero.-  El Ministerio de Cultura, en el marco de  la conmemoraci\u00f3n de los 500 a\u00f1os del Serm\u00f3n de Montesinos, trajo al pa\u00eds a dos destacados especialistas mexicanos, para que dicten conferencias magistrales relacionadas con la protecci\u00f3n y conservaci\u00f3n del patrimonio nacional y los museos.<\/span><\/p>\n<\/p>\n<p><span class=\"text1noticias\">La actividad estuvo presidida por la Viceministro de Patrimonio Cultural, Lourdes Camilo de Cuello; el Embajador de M\u00e9xico en el pa\u00eds, Jos\u00e9 Ignacio Pi\u00f1a Rojas;  la Directora de Patrimonio Monumental, Edda Grull\u00f3n y el Director del Centro de Altos Estudios Human\u00edsticos y del Idioma Espa\u00f1ol,  Esteban Prieto Vicioso.   <\/span><\/p>\n<\/p>\n<p><span class=\"text1noticias\">Con esta acci\u00f3n, la entidad cultural persigue contribuir al fortalecimiento del aprendizaje sobre la protecci\u00f3n del patrimonio dominicano. La apertura de las conferencias estuvo a cargo del arquitecto Carlos Flores Marini, quien disert\u00f3 bajo el tema \u00abConservaci\u00f3n del Patrimonio Cultural\u00bb. <\/span><\/p>\n<\/p>\n<p><span class=\"text1noticias\">En su disertaci\u00f3n el conferencista indic\u00f3 que hay  que crear  conciencia a la ciudadan\u00eda sobre la importancia de cuidar y salvaguardar los bienes patrimoniales. Dijo que si no se conserva el pasado se cae en un abismo \u00abel reto mayor es qu\u00e9 va a pasar con la generaci\u00f3n que viene, sino tenemos v\u00ednculos con los centros hist\u00f3ricos\u00bb.<\/span><\/p>\n<p><span class=\"text1noticias\"> <\/span><\/p>\n<p><span class=\"text1noticias\">Flores Marini resalt\u00f3 la necesidad de crear v\u00ednculos entre los sitios hist\u00f3ricos y la nueva generaci\u00f3n para que \u00e9sta pueda resguardar el patrimonio. Exhort\u00f3 a los ciudadanos dominicanos volverse guardianes de sus centros hist\u00f3ricos como \u00fanica forma de que perduren en el tiempo.<\/span><\/p>\n<\/p>\n<p><span class=\"text1noticias\">Previo a la conferencia, Flores Marini visit\u00f3 el monumento a Montesinos y asegur\u00f3 que  debe ser cuidado por los ciudadanos y mantenerlos en actividad \u00abcada quien debe cuidar su nicho\u00bb, afirm\u00f3.<\/span><\/p>\n<\/p>\n<p><span class=\"text1noticias\">Este viernes se imparti\u00f3 la conferencia \u00abLos museos y el patrimonio\u00bb a cargo de la connotada muse\u00f3grafa y curadora, licenciada Rosa Mar\u00eda S\u00e1nchez  Lara, en la Sala Fray Vicente Rubio, del Centro de Altos Estudios Human\u00edsticos de la Ciudad  Colonial.<\/span><\/p>\n<p><span class=\"text1noticias\"> <\/span><\/p>\n<p><span class=\"text1noticias\">Tanto Flores Marini como S\u00e1nchez Lara han sido invitados por el Ministerio de Cultura para evaluar, junto a profesionales locales, el monumento a Fray Ant\u00f3n de Montesinos. <\/span><\/p>\n<\/p>\n<p><span class=\"text1noticias\">Las conferencias forman parte, adem\u00e1s, de las acciones did\u00e1cticas culturales que lleva a cabo la  Direcci\u00f3n de Patrimonio Monumental, que dirige la Arquitecta Edda Grull\u00f3n, para aumentar el saber y mantener actualizados a los arquitectos nacionales que trabajan en  el \u00e1rea  de los monumentos<\/span>.<\/p>\n<\/p>\n<h6> 2012-01-21 17:23:06 <\/h6>\n<p><!--\n<link rel=\"stylesheet\" href=\"css\/bootstrap.min.css\">\n\n\n<ul class=\"pagination\">\n\t    \n\t\n\n<li >\n\t<a href='?page_no=18119'>Previous<\/a>\n\t<\/li>\n\n\n       \n    \n\n<li><a href='?page_no=1'>1<\/a><\/li>\n\n\n\n<li><a href='?page_no=2'>2<\/a><\/li>\n\n\n\n<li><a>...<\/a><\/li>\n\n\n\n<li><a href='?page_no=18118'>18118<\/a><\/li>\n\n\n\n<li><a href='?page_no=18119'>18119<\/a><\/li>\n\n\n\n<li class='active'><a>18120<\/a><\/li>\n\n\n\n<li><a href='?page_no=18121'>18121<\/a><\/li>\n\n\n\n<li><a href='?page_no=18122'>18122<\/a><\/li>\n\n\n\n<li><a>...<\/a><\/li>\n\n\n\n<li><a href='?page_no=22911'>22911<\/a><\/li>\n\n\n\n<li><a href='?page_no=22912'>22912<\/a><\/li>\n\n    \n\t\n\n<li >\n\t<a href='?page_no=18121'>Next<\/a>\n\t<\/li>\n\n\n    \n\n<li><a href='?page_no=22912'>Last &rsaquo;&rsaquo;<\/a><\/li>\n\n<\/ul>\n\n\n--><br \/>\n<\/body><\/p>\n","protected":false},"excerpt":{"rendered":"<p>Rep.Dom, 21 de Enero.- El Ministerio de Cultura, en el marco de la conmemoraci\u00f3n de los 500 a\u00f1os del Serm\u00f3n de Montesinos, trajo al pa\u00eds a dos destacados especialistas mexicanos, para que dicten conferencias magistrales relacionadas con la protecci\u00f3n y conservaci\u00f3n del patrimonio nacional y los museos. La actividad estuvo presidida por la Viceministro de [&hellip;]<\/p>\n","protected":false},"author":3,"featured_media":0,"comment_status":"open","ping_status":"open","sticky":false,"template":"","format":"standard","meta":{"footnotes":""},"categories":[21],"tags":[],"class_list":["post-66442","post","type-post","status-publish","format-standard","hentry","category-cultura"],"_links":{"self":[{"href":"https:\/\/diariodominicano.com\/index.php?rest_route=\/wp\/v2\/posts\/66442","targetHints":{"allow":["GET"]}}],"collection":[{"href":"https:\/\/diariodominicano.com\/index.php?rest_route=\/wp\/v2\/posts"}],"about":[{"href":"https:\/\/diariodominicano.com\/index.php?rest_route=\/wp\/v2\/types\/post"}],"author":[{"embeddable":true,"href":"https:\/\/diariodominicano.com\/index.php?rest_route=\/wp\/v2\/users\/3"}],"replies":[{"embeddable":true,"href":"https:\/\/diariodominicano.com\/index.php?rest_route=%2Fwp%2Fv2%2Fcomments&post=66442"}],"version-history":[{"count":0,"href":"https:\/\/diariodominicano.com\/index.php?rest_route=\/wp\/v2\/posts\/66442\/revisions"}],"wp:attachment":[{"href":"https:\/\/diariodominicano.com\/index.php?rest_route=%2Fwp%2Fv2%2Fmedia&parent=66442"}],"wp:term":[{"taxonomy":"category","embeddable":true,"href":"https:\/\/diariodominicano.com\/index.php?rest_route=%2Fwp%2Fv2%2Fcategories&post=66442"},{"taxonomy":"post_tag","embeddable":true,"href":"https:\/\/diariodominicano.com\/index.php?rest_route=%2Fwp%2Fv2%2Ftags&post=66442"}],"curies":[{"name":"wp","href":"https:\/\/api.w.org\/{rel}","templated":true}]}}