{"id":66441,"date":"2012-01-22T15:48:25","date_gmt":"2012-01-22T15:48:25","guid":{"rendered":"http:\/\/diariodominicano.ddns.net\/?p=66441"},"modified":"2012-01-22T15:48:25","modified_gmt":"2012-01-22T15:48:25","slug":"conmemoran-131-aniversario-de-la-llegada-de-jose-marti-a-caracas","status":"publish","type":"post","link":"https:\/\/diariodominicano.com\/?p=66441","title":{"rendered":"Conmemoran 131 aniversario de la llegada de Jos\u00e9 Mart\u00ed a Caracas"},"content":{"rendered":"<p><body><\/p>\n<p><img decoding=\"async\" src=\"img3\/amarti01.jpg\" \/><br \/><img decoding=\"async\" src=\"img3\/amarti02.jpg\" \/><br \/><img decoding=\"async\" src=\"img3\/amarti03.jpg\" \/>  <\/p>\n<p align=\"justify\"><span class=\"text1noticias\">CARACAS, Venezuela, 21 Ene. AVN.- Con motivo de la conmemoraci\u00f3n del 131 aniversario de la llegada de Jos\u00e9 Mart\u00ed a Caracas, el coordinador de la Misi\u00f3n Cultura Coraz\u00f3n Adentro, Alejandro Guzm\u00e1n Ru\u00edz, record\u00f3 que este revolucionario vino a Venezuela a concretar su pensamiento latinoamericano e independentista con toda la sabidur\u00eda y conocimiento emancipador del Libertador Sim\u00f3n Bol\u00edvar.<\/span><\/p>\n<\/p>\n<p align=\"justify\"><span class=\"text1noticias\">\u00abSomos herederos (Venezuela y Cuba) de esos pensamientos y tenemos que continuar promovi\u00e9ndolo para que cada vez m\u00e1s el pueblo se apropie de esa dignidad que significa la figura hist\u00f3rica de Bol\u00edvar y Mart\u00ed\u00bb, expres\u00f3 este s\u00e1bado Guzm\u00e1n durante su participaci\u00f3n en un evento en homenaje al pr\u00f3cer cubano en el camino de los Espa\u00f1oles, parroquia La Pastora, Caracas.<\/span><\/p>\n<\/p>\n<p align=\"justify\"><span class=\"text1noticias\">Agreg\u00f3 que el pensamiento se Mart\u00ed y Bol\u00edvar siempre ser\u00e1 un pensamiento que se seguir\u00e1 construyendo, \u00aba partir de lo que ellos idearon y defendieron con sus propias vidas en todas esas campa\u00f1as de independencia y de lucha\u00bb.<\/span><\/p>\n<\/p>\n<p align=\"justify\"><span class=\"text1noticias\">Guzm\u00e1n Ru\u00edz dijo que Mart\u00ed es mucho m\u00e1s que cubano, porque \u00abrenunci\u00f3 a mantener su vida como un intelectual y se dedic\u00f3 a su obra mayor que fue la independencia de Cuba, esas cosas tenemos que d\u00e1rsela a conocer al pueblo\u00bb.<\/span><\/p>\n<\/p>\n<p align=\"justify\"><span class=\"text1noticias\">Resalt\u00f3 que el homenaje cont\u00f3 con la presencia de venezolanos y cubanos, quienes acudieron a rendirle un merecido homenaje a Jos\u00e9 Mart\u00ed y al Libertador Sim\u00f3n Bol\u00edvar en el camino de Los Espa\u00f1oles, para resaltar la labor independentista y revolucionaria que realizaron estos grandes personajes.<\/span><\/p>\n<\/p>\n<p align=\"justify\"><span class=\"text1noticias\">\u00abQueremos rendir homenaje a Mart\u00ed que como joven quer\u00eda beber de toda esa sabia del pueblo caraque\u00f1o y del pensamiento de Bol\u00edvar en el lugar, por eso se propuso este viaje a Venezuela que dur\u00f3 por seis meses\u00bb, manifest\u00f3 el coordinador de la Misi\u00f3n Cultura Coraz\u00f3n Adentro.<\/span><\/p>\n<\/p>\n<p align=\"justify\"><span class=\"text1noticias\">Se\u00f1al\u00f3 que esa visita de Mart\u00ed a Venezuela fue muy productiva desde el punto de vista de las ideas, \u00abpensamiento revolucionario que despu\u00e9s ha ido guiando a nuestro continente a lo que es hoy, los pueblos han retomado el camino de la independencia y yo creo que el momento que est\u00e1 viviendo Venezuela, Cuba, Ecuador y Bolivia tiene que ver mucho con el pensamiento de esos dos pr\u00f3ceres (Mart\u00ed y Bol\u00edvar)\u00bb.<\/span><\/p>\n<\/p>\n<p align=\"justify\"><strong><span class=\"text1noticias\">Semana de la Cultura Cubana<\/span><\/strong><\/p>\n<\/p>\n<p align=\"justify\"><span class=\"text1noticias\">El coordinador de la Misi\u00f3n Cultura Coraz\u00f3n Adentro inform\u00f3 que durante esta semana tendr\u00e1n distintas actividades por conmemorarse la Jornada de la Cultura Cubana que inici\u00f3 este s\u00e1bado 21 de enero y culmina el 28 de este mes, fecha del nacimiento de Jos\u00e9 Mart\u00ed.<\/span><\/p>\n<\/p>\n<p align=\"justify\"><span class=\"text1noticias\">Se realizar\u00e1n actividades culturales, conciertos, obras de teatro, lanzamientos de libros y proyecci\u00f3n de pel\u00edculas cubanas, programaci\u00f3n que se desarrollar\u00e1 principalmente en Caracas, Portuguesa, Anzo\u00e1tegui, Miranda, Zulia y en los diferentes estados donde est\u00e1n trabajando juntos colaboradores cubanos y venezolanos.<\/span><\/p>\n<\/p>\n<p align=\"justify\"><span class=\"text1noticias\">Dijo que el homenaje de este s\u00e1bado a Jos\u00e9 Mart\u00ed forma parte de las actividades pautadas para esta semana.<\/span><\/p>\n<\/p>\n<p align=\"justify\"><span class=\"text1noticias\">Este evento da continuidad a la celebraci\u00f3n de las Semanas Culturales de los pa\u00edses amigos de Venezuela que realiza el Ministerio para la Cultura.<\/span><\/p>\n<h6> 2012-01-22 15:48:25 <\/h6>\n<p><!--\n<link rel=\"stylesheet\" href=\"css\/bootstrap.min.css\">\n\n\n<ul class=\"pagination\">\n\t    \n\t\n\n<li >\n\t<a href='?page_no=18118'>Previous<\/a>\n\t<\/li>\n\n\n       \n    \n\n<li><a href='?page_no=1'>1<\/a><\/li>\n\n\n\n<li><a href='?page_no=2'>2<\/a><\/li>\n\n\n\n<li><a>...<\/a><\/li>\n\n\n\n<li><a href='?page_no=18117'>18117<\/a><\/li>\n\n\n\n<li><a href='?page_no=18118'>18118<\/a><\/li>\n\n\n\n<li class='active'><a>18119<\/a><\/li>\n\n\n\n<li><a href='?page_no=18120'>18120<\/a><\/li>\n\n\n\n<li><a href='?page_no=18121'>18121<\/a><\/li>\n\n\n\n<li><a>...<\/a><\/li>\n\n\n\n<li><a href='?page_no=22911'>22911<\/a><\/li>\n\n\n\n<li><a href='?page_no=22912'>22912<\/a><\/li>\n\n    \n\t\n\n<li >\n\t<a href='?page_no=18120'>Next<\/a>\n\t<\/li>\n\n\n    \n\n<li><a href='?page_no=22912'>Last &rsaquo;&rsaquo;<\/a><\/li>\n\n<\/ul>\n\n\n--><br \/>\n<\/body><\/p>\n","protected":false},"excerpt":{"rendered":"<p>CARACAS, Venezuela, 21 Ene. AVN.- Con motivo de la conmemoraci\u00f3n del 131 aniversario de la llegada de Jos\u00e9 Mart\u00ed a Caracas, el coordinador de la Misi\u00f3n Cultura Coraz\u00f3n Adentro, Alejandro Guzm\u00e1n Ru\u00edz, record\u00f3 que este revolucionario vino a Venezuela a concretar su pensamiento latinoamericano e independentista con toda la sabidur\u00eda y conocimiento emancipador del Libertador [&hellip;]<\/p>\n","protected":false},"author":3,"featured_media":0,"comment_status":"open","ping_status":"open","sticky":false,"template":"","format":"standard","meta":{"footnotes":""},"categories":[21],"tags":[],"class_list":["post-66441","post","type-post","status-publish","format-standard","hentry","category-cultura"],"_links":{"self":[{"href":"https:\/\/diariodominicano.com\/index.php?rest_route=\/wp\/v2\/posts\/66441","targetHints":{"allow":["GET"]}}],"collection":[{"href":"https:\/\/diariodominicano.com\/index.php?rest_route=\/wp\/v2\/posts"}],"about":[{"href":"https:\/\/diariodominicano.com\/index.php?rest_route=\/wp\/v2\/types\/post"}],"author":[{"embeddable":true,"href":"https:\/\/diariodominicano.com\/index.php?rest_route=\/wp\/v2\/users\/3"}],"replies":[{"embeddable":true,"href":"https:\/\/diariodominicano.com\/index.php?rest_route=%2Fwp%2Fv2%2Fcomments&post=66441"}],"version-history":[{"count":0,"href":"https:\/\/diariodominicano.com\/index.php?rest_route=\/wp\/v2\/posts\/66441\/revisions"}],"wp:attachment":[{"href":"https:\/\/diariodominicano.com\/index.php?rest_route=%2Fwp%2Fv2%2Fmedia&parent=66441"}],"wp:term":[{"taxonomy":"category","embeddable":true,"href":"https:\/\/diariodominicano.com\/index.php?rest_route=%2Fwp%2Fv2%2Fcategories&post=66441"},{"taxonomy":"post_tag","embeddable":true,"href":"https:\/\/diariodominicano.com\/index.php?rest_route=%2Fwp%2Fv2%2Ftags&post=66441"}],"curies":[{"name":"wp","href":"https:\/\/api.w.org\/{rel}","templated":true}]}}