{"id":66439,"date":"2012-01-22T16:14:14","date_gmt":"2012-01-22T16:14:14","guid":{"rendered":"http:\/\/diariodominicano.ddns.net\/?p=66439"},"modified":"2012-01-22T16:14:14","modified_gmt":"2012-01-22T16:14:14","slug":"oscar-abreu-inauguro-la-exposicion-expresiones-caribenas-en-new-york-con-gran-exito","status":"publish","type":"post","link":"https:\/\/diariodominicano.com\/?p=66439","title":{"rendered":"Oscar Abreu inaugur\u00f3 la exposici\u00f3n Expresiones Caribe\u00f1as en New York con gran \u00e9xito"},"content":{"rendered":"<p><body><\/p>\n<p><img decoding=\"async\" src=\"img3\/Oscar Abreu y Moises Perez.JPG\" \/>  <\/p>\n<p><span class=\"text1noticias\">New York, 22 de Enero.- Oscar Abreu dej\u00f3 formalmente inaugurada la exposici\u00f3n colectiva Expresiones Caribe\u00f1as en la galer\u00eda de arte Abreu Fine Art. Sobresalieron las obras de los artistas Cesar Contreras y Juan Fabi\u00e1n por su fuerza y calidad.<\/span><\/p>\n<\/p>\n<p><span class=\"text1noticias\">Oscar Abreu ofreci\u00f3 un c\u00f3ctel al que asistieron empresarios, artistas, escritores, coleccionistas y distinguidas personalidades de la vida pol\u00edtica social y cultural.  Pudieron disfrutaron de obras de muy variados formatos, estilos, t\u00e9cnicas y medios de expresi\u00f3n en las que sus autores nos proponen sus sentimientos y sus visiones de la condici\u00f3n humana, social y existencial del mundo contempor\u00e1neo.<\/span><\/p>\n<\/p>\n<p><span class=\"text1noticias\">La muestra consta de una sobria colecci\u00f3n de obras sobre tela donde se destacan las abstracciones puras de Cesar Contreras, \u00c1ngel Castillo, de Alejandro Asencio y Juan Fabi\u00e1n. Igualmente, se imponen las obras de los artistas Jes\u00fas Desangles y Miguel G\u00f3mez. En ese mismo orden, nos impresionan las obras del Maestro Jos\u00e9 Cestero, con un viaje por la ciudad colonial de Santo Domingo, y el surrealismo caribe\u00f1o de Aram Musset y Dionisio Blanco; y en este recorrido nos encontramos con la magia y la serenidad de Mariano S\u00e1nchez.<\/span><\/p>\n<\/p>\n<p><span class=\"text1noticias\">Durante el evento, Oscar Abreu entrevistado por el peri\u00f3dico Manhattan Times y por Lissette Montolu  del programa de TV la Familia Cosmovisi\u00f3n, se\u00f1al\u00f3 que: \u00abEste proyecto cultural es mi aporte, mi entrega a esta comunidad. Una comunidad llena de hombres y mujeres con sue\u00f1os extraordinarios y creo que con esta propuesta cultural se abrir\u00e1n nuevas ventanas de progreso para el arte y el hispano en general.\u00bb<\/span><\/p>\n<\/p>\n<p><span class=\"text1noticias\">Abreu Fine Art es un ambicioso y emprendedor proyecto art\u00edstico-cultural, especialmente conceptualizado y dise\u00f1ado para la proyecci\u00f3n internacional del arte dominicano con programas de talleres de apreciaci\u00f3n del arte, con cr\u00edticos especializados y animadores culturales. Adem\u00e1s, ofrecemos un servicio completo de enmarcado, conservaci\u00f3n y restauraci\u00f3n de obras de arte\u00bb<\/span>.<\/p>\n<h6> 2012-01-22 16:14:14 <\/h6>\n<p><!--\n<link rel=\"stylesheet\" href=\"css\/bootstrap.min.css\">\n\n\n<ul class=\"pagination\">\n\t    \n\t\n\n<li >\n\t<a href='?page_no=18116'>Previous<\/a>\n\t<\/li>\n\n\n       \n    \n\n<li><a href='?page_no=1'>1<\/a><\/li>\n\n\n\n<li><a href='?page_no=2'>2<\/a><\/li>\n\n\n\n<li><a>...<\/a><\/li>\n\n\n\n<li><a href='?page_no=18115'>18115<\/a><\/li>\n\n\n\n<li><a href='?page_no=18116'>18116<\/a><\/li>\n\n\n\n<li class='active'><a>18117<\/a><\/li>\n\n\n\n<li><a href='?page_no=18118'>18118<\/a><\/li>\n\n\n\n<li><a href='?page_no=18119'>18119<\/a><\/li>\n\n\n\n<li><a>...<\/a><\/li>\n\n\n\n<li><a href='?page_no=22911'>22911<\/a><\/li>\n\n\n\n<li><a href='?page_no=22912'>22912<\/a><\/li>\n\n    \n\t\n\n<li >\n\t<a href='?page_no=18118'>Next<\/a>\n\t<\/li>\n\n\n    \n\n<li><a href='?page_no=22912'>Last &rsaquo;&rsaquo;<\/a><\/li>\n\n<\/ul>\n\n\n--><br \/>\n<\/body><\/p>\n","protected":false},"excerpt":{"rendered":"<p>New York, 22 de Enero.- Oscar Abreu dej\u00f3 formalmente inaugurada la exposici\u00f3n colectiva Expresiones Caribe\u00f1as en la galer\u00eda de arte Abreu Fine Art. Sobresalieron las obras de los artistas Cesar Contreras y Juan Fabi\u00e1n por su fuerza y calidad. Oscar Abreu ofreci\u00f3 un c\u00f3ctel al que asistieron empresarios, artistas, escritores, coleccionistas y distinguidas personalidades de [&hellip;]<\/p>\n","protected":false},"author":3,"featured_media":0,"comment_status":"open","ping_status":"open","sticky":false,"template":"","format":"standard","meta":{"footnotes":""},"categories":[21],"tags":[],"class_list":["post-66439","post","type-post","status-publish","format-standard","hentry","category-cultura"],"_links":{"self":[{"href":"https:\/\/diariodominicano.com\/index.php?rest_route=\/wp\/v2\/posts\/66439","targetHints":{"allow":["GET"]}}],"collection":[{"href":"https:\/\/diariodominicano.com\/index.php?rest_route=\/wp\/v2\/posts"}],"about":[{"href":"https:\/\/diariodominicano.com\/index.php?rest_route=\/wp\/v2\/types\/post"}],"author":[{"embeddable":true,"href":"https:\/\/diariodominicano.com\/index.php?rest_route=\/wp\/v2\/users\/3"}],"replies":[{"embeddable":true,"href":"https:\/\/diariodominicano.com\/index.php?rest_route=%2Fwp%2Fv2%2Fcomments&post=66439"}],"version-history":[{"count":0,"href":"https:\/\/diariodominicano.com\/index.php?rest_route=\/wp\/v2\/posts\/66439\/revisions"}],"wp:attachment":[{"href":"https:\/\/diariodominicano.com\/index.php?rest_route=%2Fwp%2Fv2%2Fmedia&parent=66439"}],"wp:term":[{"taxonomy":"category","embeddable":true,"href":"https:\/\/diariodominicano.com\/index.php?rest_route=%2Fwp%2Fv2%2Fcategories&post=66439"},{"taxonomy":"post_tag","embeddable":true,"href":"https:\/\/diariodominicano.com\/index.php?rest_route=%2Fwp%2Fv2%2Ftags&post=66439"}],"curies":[{"name":"wp","href":"https:\/\/api.w.org\/{rel}","templated":true}]}}