{"id":66438,"date":"2012-01-22T17:43:09","date_gmt":"2012-01-22T17:43:09","guid":{"rendered":"http:\/\/diariodominicano.ddns.net\/?p=66438"},"modified":"2012-01-22T17:43:09","modified_gmt":"2012-01-22T17:43:09","slug":"poeta-tony-raful-presentara-libro","status":"publish","type":"post","link":"https:\/\/diariodominicano.com\/?p=66438","title":{"rendered":"Poeta Tony Raful presentar\u00e1 libro"},"content":{"rendered":"<p><body><\/p>\n<p><span class=\"text1noticias\">Santo Domingo, RD 22 enero.- El poeta y dirigente pol\u00edtico Tony Raful pondr\u00e1 en circulaci\u00f3n ma\u00f1ana lunes su libro \u00abLa barca y el gavil\u00e1n; arengas del alba y la lengua\u00bb.<\/span><\/p>\n<\/p>\n<p><span class=\"text1noticias\">La actividad se llevar\u00e1 a cabo en el sal\u00f3n de la Cultura Jos\u00e9 Mar\u00eda Bonetti Burgos, a las 7: 00 de la noche, en el campus principal Doctor Nicol\u00e1s Pichardo de la Universidad Apec. Raful es miembro de la Academia Dominicana de la Lengua y diputado del Parlamento Cetroamericano (Parlacen), con sede en Guatemala.<\/span><\/p>\n<\/p>\n<p><span class=\"text1noticias\">En visita a la sede de LIST\u00cdN DIARIO, Raful dijo que la obra recoge un conjunto de textos po\u00e9ticos que abordan diversos ejes tem\u00e1ticos, en funci\u00f3n de una larga producci\u00f3n literaria y cultural<\/span>.<\/p>\n<h6> 2012-01-22 17:43:09 <\/h6>\n<p><!--\n<link rel=\"stylesheet\" href=\"css\/bootstrap.min.css\">\n\n\n<ul class=\"pagination\">\n\t    \n\t\n\n<li >\n\t<a href='?page_no=18115'>Previous<\/a>\n\t<\/li>\n\n\n       \n    \n\n<li><a href='?page_no=1'>1<\/a><\/li>\n\n\n\n<li><a href='?page_no=2'>2<\/a><\/li>\n\n\n\n<li><a>...<\/a><\/li>\n\n\n\n<li><a href='?page_no=18114'>18114<\/a><\/li>\n\n\n\n<li><a href='?page_no=18115'>18115<\/a><\/li>\n\n\n\n<li class='active'><a>18116<\/a><\/li>\n\n\n\n<li><a href='?page_no=18117'>18117<\/a><\/li>\n\n\n\n<li><a href='?page_no=18118'>18118<\/a><\/li>\n\n\n\n<li><a>...<\/a><\/li>\n\n\n\n<li><a href='?page_no=22911'>22911<\/a><\/li>\n\n\n\n<li><a href='?page_no=22912'>22912<\/a><\/li>\n\n    \n\t\n\n<li >\n\t<a href='?page_no=18117'>Next<\/a>\n\t<\/li>\n\n\n    \n\n<li><a href='?page_no=22912'>Last &rsaquo;&rsaquo;<\/a><\/li>\n\n<\/ul>\n\n\n--><br \/>\n<\/body><\/p>\n","protected":false},"excerpt":{"rendered":"<p>Santo Domingo, RD 22 enero.- El poeta y dirigente pol\u00edtico Tony Raful pondr\u00e1 en circulaci\u00f3n ma\u00f1ana lunes su libro \u00abLa barca y el gavil\u00e1n; arengas del alba y la lengua\u00bb. La actividad se llevar\u00e1 a cabo en el sal\u00f3n de la Cultura Jos\u00e9 Mar\u00eda Bonetti Burgos, a las 7: 00 de la noche, en el [&hellip;]<\/p>\n","protected":false},"author":3,"featured_media":0,"comment_status":"open","ping_status":"open","sticky":false,"template":"","format":"standard","meta":{"footnotes":""},"categories":[21],"tags":[],"class_list":["post-66438","post","type-post","status-publish","format-standard","hentry","category-cultura"],"_links":{"self":[{"href":"https:\/\/diariodominicano.com\/index.php?rest_route=\/wp\/v2\/posts\/66438","targetHints":{"allow":["GET"]}}],"collection":[{"href":"https:\/\/diariodominicano.com\/index.php?rest_route=\/wp\/v2\/posts"}],"about":[{"href":"https:\/\/diariodominicano.com\/index.php?rest_route=\/wp\/v2\/types\/post"}],"author":[{"embeddable":true,"href":"https:\/\/diariodominicano.com\/index.php?rest_route=\/wp\/v2\/users\/3"}],"replies":[{"embeddable":true,"href":"https:\/\/diariodominicano.com\/index.php?rest_route=%2Fwp%2Fv2%2Fcomments&post=66438"}],"version-history":[{"count":0,"href":"https:\/\/diariodominicano.com\/index.php?rest_route=\/wp\/v2\/posts\/66438\/revisions"}],"wp:attachment":[{"href":"https:\/\/diariodominicano.com\/index.php?rest_route=%2Fwp%2Fv2%2Fmedia&parent=66438"}],"wp:term":[{"taxonomy":"category","embeddable":true,"href":"https:\/\/diariodominicano.com\/index.php?rest_route=%2Fwp%2Fv2%2Fcategories&post=66438"},{"taxonomy":"post_tag","embeddable":true,"href":"https:\/\/diariodominicano.com\/index.php?rest_route=%2Fwp%2Fv2%2Ftags&post=66438"}],"curies":[{"name":"wp","href":"https:\/\/api.w.org\/{rel}","templated":true}]}}