{"id":66436,"date":"2012-01-22T20:12:59","date_gmt":"2012-01-22T20:12:59","guid":{"rendered":"http:\/\/diariodominicano.ddns.net\/?p=66436"},"modified":"2012-01-22T20:12:59","modified_gmt":"2012-01-22T20:12:59","slug":"el-anahuacalli-expondra-arte-guatemalteco","status":"publish","type":"post","link":"https:\/\/diariodominicano.com\/?p=66436","title":{"rendered":"El Anahuacalli expondr\u00e1 arte guatemalteco"},"content":{"rendered":"<p><body><\/p>\n<p><span class=\"text1noticias\">M\u00e9xico, 22 enero.- Un total de 67 piezas entre pintura, impresiones digitales y relieves que congregan las expresiones art\u00edsticas contempor\u00e1neas que tiene hoy Guatemala en el mundo del arte y la cultura, integran la exposici\u00f3n &#8216;Encuentros y Tendencias&#8217;, que a partir del 26 de enero exhibir\u00e1 el Museo Diego Rivera Anahuacalli, en esta ciudad.<\/span><\/p>\n<\/p>\n<p><span class=\"text1noticias\">Curada por Guillermo Monsanto, la muestra incluye a los artistas guatemaltecos Jos\u00e9 Toledo Ord\u00f3\u00f1ez, Patricia de Valladares, Sergio Valenzuela, Mar\u00eda Victoria Garc\u00eda, Josu\u00e9 Romero, Carol Maselli, Norman Morales, M\u00f3nica Torrebiarte, Erick Mench\u00fa, Marlov Barrios, Mario Santizo y Plinio Villagr\u00e1n.<\/span><\/p>\n<\/p>\n<p><span class=\"text1noticias\">Seg\u00fan informaci\u00f3n del recinto, la exposici\u00f3n es un trabajo representativo del arte pl\u00e1stico guatemalteco contempor\u00e1neo, a trav\u00e9s de la obra escult\u00f3rica y bidimensional gr\u00e1fica, en diversas modalidades tales como la xilograf\u00eda, la gr\u00e1fica digitalizada, la fotograf\u00eda y la pintura acr\u00edlica.<\/span><\/p>\n<\/p>\n<p><span class=\"text1noticias\">Se trata de piezas que han participado en m\u00faltiples exposiciones individuales y colectivas y que han sido reconocidas en cert\u00e1menes y bienales de arte en Guatemala y el extranjero.<\/span><\/p>\n<\/p>\n<p><span class=\"text1noticias\">La exhibici\u00f3n presentar\u00e1 obra reciente de artistas que trabajan en individual, as\u00ed como de quienes est\u00e1n dentro de los dos colectivos m\u00e1s importantes de Guatemala.<\/span><\/p>\n<\/p>\n<p><span class=\"text1noticias\">Uno de ellos, &#8216;La Torana&#8217;, colectivo que agrupa a artistas hombres formados tanto en la Facultad de <\/span><\/p>\n<p><span class=\"text1noticias\">Arquitectura de la Universidad de San Carlos, como en la Escuela Nacional de Arte La Esmeralda.<\/span><\/p>\n<\/p>\n<p><span class=\"text1noticias\">El otro es el llamado &#8216;Hecho en Guatemala&#8217;, integrado \u00fanicamente por mujeres que en sus actividades cotidianas combinan la labor de ama de casa con el trabajo profesional y las Bellas Artes.<\/span><\/p>\n<\/p>\n<p><span class=\"text1noticias\">En esta ocasi\u00f3n, el grupo estar\u00e1 representado en M\u00e9xico por Carol Yurrita y Patty Valladares. De igual manera, se incluyeron artistas que por diversas razones han destacado en la docencia y en la representaci\u00f3n visual de su trabajo, como M\u00f3nica Torrebiarte, grabadora, que estudi\u00f3 en Artes Pl\u00e1sticas en Nueva York y Grabado en Par\u00eds.<\/span><\/p>\n<\/p>\n<p><span class=\"text1noticias\">Se indica que para esta muestra, que se presentar\u00e1 hasta el 26 de febrero en la Pinacoteca de ese espacio muse\u00edstico, la ex embajadora Rita Claverie Sciolli se dio a la tarea de promover y difundir a los principales artistas contempor\u00e1neos de su pa\u00eds a nivel internacional, a trav\u00e9s de esta exposici\u00f3n.<\/span><\/p>\n<\/p>\n<p><span class=\"text1noticias\">Tras el paso de esta muestra por este espacio muse\u00edstico; s\u00f3lo la obra de Jos\u00e9 Toledo iniciar\u00e1 un recorrido nacional que abarcar\u00e1 las ciudades de Puebla y del Sureste de M\u00e9xico para el primer semestre del a\u00f1o y en lo que resta del 2012 est\u00e1 previsto que viaje a las ciudades de Washington y Nueva York. &#8216;Encuentros y Tendencias&#8217; es dise\u00f1ada por la embajada de Guatemala en M\u00e9xico<\/span>.<\/p>\n<h6> 2012-01-22 20:12:59 <\/h6>\n<p><!--\n<link rel=\"stylesheet\" href=\"css\/bootstrap.min.css\">\n\n\n<ul class=\"pagination\">\n\t    \n\t\n\n<li >\n\t<a href='?page_no=18113'>Previous<\/a>\n\t<\/li>\n\n\n       \n    \n\n<li><a href='?page_no=1'>1<\/a><\/li>\n\n\n\n<li><a href='?page_no=2'>2<\/a><\/li>\n\n\n\n<li><a>...<\/a><\/li>\n\n\n\n<li><a href='?page_no=18112'>18112<\/a><\/li>\n\n\n\n<li><a href='?page_no=18113'>18113<\/a><\/li>\n\n\n\n<li class='active'><a>18114<\/a><\/li>\n\n\n\n<li><a href='?page_no=18115'>18115<\/a><\/li>\n\n\n\n<li><a href='?page_no=18116'>18116<\/a><\/li>\n\n\n\n<li><a>...<\/a><\/li>\n\n\n\n<li><a href='?page_no=22911'>22911<\/a><\/li>\n\n\n\n<li><a href='?page_no=22912'>22912<\/a><\/li>\n\n    \n\t\n\n<li >\n\t<a href='?page_no=18115'>Next<\/a>\n\t<\/li>\n\n\n    \n\n<li><a href='?page_no=22912'>Last &rsaquo;&rsaquo;<\/a><\/li>\n\n<\/ul>\n\n\n--><br \/>\n<\/body><\/p>\n","protected":false},"excerpt":{"rendered":"<p>M\u00e9xico, 22 enero.- Un total de 67 piezas entre pintura, impresiones digitales y relieves que congregan las expresiones art\u00edsticas contempor\u00e1neas que tiene hoy Guatemala en el mundo del arte y la cultura, integran la exposici\u00f3n &#8216;Encuentros y Tendencias&#8217;, que a partir del 26 de enero exhibir\u00e1 el Museo Diego Rivera Anahuacalli, en esta ciudad. Curada [&hellip;]<\/p>\n","protected":false},"author":3,"featured_media":0,"comment_status":"open","ping_status":"open","sticky":false,"template":"","format":"standard","meta":{"footnotes":""},"categories":[21],"tags":[],"class_list":["post-66436","post","type-post","status-publish","format-standard","hentry","category-cultura"],"_links":{"self":[{"href":"https:\/\/diariodominicano.com\/index.php?rest_route=\/wp\/v2\/posts\/66436","targetHints":{"allow":["GET"]}}],"collection":[{"href":"https:\/\/diariodominicano.com\/index.php?rest_route=\/wp\/v2\/posts"}],"about":[{"href":"https:\/\/diariodominicano.com\/index.php?rest_route=\/wp\/v2\/types\/post"}],"author":[{"embeddable":true,"href":"https:\/\/diariodominicano.com\/index.php?rest_route=\/wp\/v2\/users\/3"}],"replies":[{"embeddable":true,"href":"https:\/\/diariodominicano.com\/index.php?rest_route=%2Fwp%2Fv2%2Fcomments&post=66436"}],"version-history":[{"count":0,"href":"https:\/\/diariodominicano.com\/index.php?rest_route=\/wp\/v2\/posts\/66436\/revisions"}],"wp:attachment":[{"href":"https:\/\/diariodominicano.com\/index.php?rest_route=%2Fwp%2Fv2%2Fmedia&parent=66436"}],"wp:term":[{"taxonomy":"category","embeddable":true,"href":"https:\/\/diariodominicano.com\/index.php?rest_route=%2Fwp%2Fv2%2Fcategories&post=66436"},{"taxonomy":"post_tag","embeddable":true,"href":"https:\/\/diariodominicano.com\/index.php?rest_route=%2Fwp%2Fv2%2Ftags&post=66436"}],"curies":[{"name":"wp","href":"https:\/\/api.w.org\/{rel}","templated":true}]}}