{"id":66433,"date":"2012-01-23T13:30:15","date_gmt":"2012-01-23T13:30:15","guid":{"rendered":"http:\/\/diariodominicano.ddns.net\/?p=66433"},"modified":"2012-01-23T13:30:15","modified_gmt":"2012-01-23T13:30:15","slug":"para-el-dia-de-juan-pablo-duarte-hay-varios-actos-programados-en-santiago","status":"publish","type":"post","link":"https:\/\/diariodominicano.com\/?p=66433","title":{"rendered":"Para el d\u00eda de Juan Pablo Duarte hay varios actos programados en Santiago"},"content":{"rendered":"<p><body><\/p>\n<p><img decoding=\"async\" src=\"img3\/natalicio patricio Juan Pablo Duarte.jpg\" \/>  <\/p>\n<p><span class=\"text1noticias\">Santiago, Rep Dominicana, 23 de Enero del 2012.-  Con diferentes actos, la gobernaci\u00f3n provincial y  la alcald\u00eda de aqu\u00ed celebrar\u00e1n el pr\u00f3ximo jueves el 199 aniversario del natalicio del patricio Juan Pablo Duarte.<\/span><\/p>\n<\/p>\n<p><span class=\"text1noticias\">Ese d\u00eda, a las 8:00 de la ma\u00f1ana, se proceder\u00e1 al enhestamiento de la Bandera Nacional, con los honores militares correspondientes e interpretaci\u00f3n de los himnos Nacional y a Duarte, a cargo de la banda municipal, frente a la sede de la gobernaci\u00f3n, en la calle Del Sol.<\/span><\/p>\n<\/p>\n<p><span class=\"text1noticias\">Treinta minutos despu\u00e9s ser\u00e1 la celebraci\u00f3n del Tedeum, oficiado por monse\u00f1or Ram\u00f3n Benito de la Rosa y Carpio, arzobispo de la Arquidi\u00f3cesis de Santiago, actividad que tendr\u00e1 lugar en la Casa de Ema\u00fas.<\/span><\/p>\n<\/p>\n<p><span class=\"text1noticias\">Luego, el programa de actos del jueves 26 de enero incluye un discurso a cargo de la directora regional de Educaci\u00f3n con asiento en Santiago, Isabel Ure\u00f1a.<\/span><\/p>\n<\/p>\n<p><span class=\"text1noticias\">A las 9 y 30 de la ma\u00f1ana se proceder\u00e1 a las ofrendas florales ante la estatua deDuarte<\/span>.<\/p>\n<h6> 2012-01-23 13:30:15 <\/h6>\n<p><!--\n<link rel=\"stylesheet\" href=\"css\/bootstrap.min.css\">\n\n\n<ul class=\"pagination\">\n\t    \n\t\n\n<li >\n\t<a href='?page_no=18110'>Previous<\/a>\n\t<\/li>\n\n\n       \n    \n\n<li><a href='?page_no=1'>1<\/a><\/li>\n\n\n\n<li><a href='?page_no=2'>2<\/a><\/li>\n\n\n\n<li><a>...<\/a><\/li>\n\n\n\n<li><a href='?page_no=18109'>18109<\/a><\/li>\n\n\n\n<li><a href='?page_no=18110'>18110<\/a><\/li>\n\n\n\n<li class='active'><a>18111<\/a><\/li>\n\n\n\n<li><a href='?page_no=18112'>18112<\/a><\/li>\n\n\n\n<li><a href='?page_no=18113'>18113<\/a><\/li>\n\n\n\n<li><a>...<\/a><\/li>\n\n\n\n<li><a href='?page_no=22911'>22911<\/a><\/li>\n\n\n\n<li><a href='?page_no=22912'>22912<\/a><\/li>\n\n    \n\t\n\n<li >\n\t<a href='?page_no=18112'>Next<\/a>\n\t<\/li>\n\n\n    \n\n<li><a href='?page_no=22912'>Last &rsaquo;&rsaquo;<\/a><\/li>\n\n<\/ul>\n\n\n--><br \/>\n<\/body><\/p>\n","protected":false},"excerpt":{"rendered":"<p>Santiago, Rep Dominicana, 23 de Enero del 2012.- Con diferentes actos, la gobernaci\u00f3n provincial y la alcald\u00eda de aqu\u00ed celebrar\u00e1n el pr\u00f3ximo jueves el 199 aniversario del natalicio del patricio Juan Pablo Duarte. Ese d\u00eda, a las 8:00 de la ma\u00f1ana, se proceder\u00e1 al enhestamiento de la Bandera Nacional, con los honores militares correspondientes e [&hellip;]<\/p>\n","protected":false},"author":3,"featured_media":0,"comment_status":"open","ping_status":"open","sticky":false,"template":"","format":"standard","meta":{"footnotes":""},"categories":[21],"tags":[],"class_list":["post-66433","post","type-post","status-publish","format-standard","hentry","category-cultura"],"_links":{"self":[{"href":"https:\/\/diariodominicano.com\/index.php?rest_route=\/wp\/v2\/posts\/66433","targetHints":{"allow":["GET"]}}],"collection":[{"href":"https:\/\/diariodominicano.com\/index.php?rest_route=\/wp\/v2\/posts"}],"about":[{"href":"https:\/\/diariodominicano.com\/index.php?rest_route=\/wp\/v2\/types\/post"}],"author":[{"embeddable":true,"href":"https:\/\/diariodominicano.com\/index.php?rest_route=\/wp\/v2\/users\/3"}],"replies":[{"embeddable":true,"href":"https:\/\/diariodominicano.com\/index.php?rest_route=%2Fwp%2Fv2%2Fcomments&post=66433"}],"version-history":[{"count":0,"href":"https:\/\/diariodominicano.com\/index.php?rest_route=\/wp\/v2\/posts\/66433\/revisions"}],"wp:attachment":[{"href":"https:\/\/diariodominicano.com\/index.php?rest_route=%2Fwp%2Fv2%2Fmedia&parent=66433"}],"wp:term":[{"taxonomy":"category","embeddable":true,"href":"https:\/\/diariodominicano.com\/index.php?rest_route=%2Fwp%2Fv2%2Fcategories&post=66433"},{"taxonomy":"post_tag","embeddable":true,"href":"https:\/\/diariodominicano.com\/index.php?rest_route=%2Fwp%2Fv2%2Ftags&post=66433"}],"curies":[{"name":"wp","href":"https:\/\/api.w.org\/{rel}","templated":true}]}}