{"id":66432,"date":"2012-01-23T21:00:17","date_gmt":"2012-01-23T21:00:17","guid":{"rendered":"http:\/\/diariodominicano.ddns.net\/?p=66432"},"modified":"2012-01-23T21:00:17","modified_gmt":"2012-01-23T21:00:17","slug":"oscar-abreu-presenta-expresiones-caribena-en-new-york","status":"publish","type":"post","link":"https:\/\/diariodominicano.com\/?p=66432","title":{"rendered":"Oscar Abreu Presenta Expresiones Caribe\u00f1a en New York"},"content":{"rendered":"<p><body><\/p>\n<p><img decoding=\"async\" src=\"img3\/Obra de Mariano Sanchez.JPG\" \/>  <\/p>\n<p><span class=\"text1noticias\">New York, 23 Ene 2012.-Oscar Abreu presenta este viernes 20 de enero, a las 6:00 pm,  la apertura deExpresiones Caribe\u00f1a, en la galer\u00eda de arte: Abreu Fine Art, ubicada en el 4394 Broadway, entre la 187-189st  Manhattan, New York.<\/span><\/p>\n<\/p>\n<p><span class=\"text1noticias\">Expresiones Caribe\u00f1a ser\u00e1 inaugurada durante una recepci\u00f3n especial abierta al p\u00fablico donde han sido invitadas todas las autoridades de la comunidad, as\u00ed como artistas, empresarios, cr\u00edticos de arte, coleccionistas, hombres de negocios y distinguidas personalidades, donde tendremos como invitada especial a la violinista Francesa Gabrille Michel que nos deleitara con su m\u00fasica.<\/span><\/p>\n<p><span class=\"text1noticias\"> <\/span><\/p>\n<p><span class=\"text1noticias\">En coctel el p\u00fablico podr\u00e1 disfrutar de obras de muy variados formatos, estilos, t\u00e9cnicas y medios de expresi\u00f3n en las que sus autores nos proponen sus sentimientos y sus visiones de la condici\u00f3n humana, social y existencial del mundo contempor\u00e1neo.<\/span><\/p>\n<\/p>\n<p><span class=\"text1noticias\">La muestra consta de una sobria colecci\u00f3n de obras sobre tela, donde se destacan las abstracciones pura de \u00c1ngel Castillo y de Alejandro Asencio, de igual modo se impone la obra de Jes\u00fas Desangles y Miguel G\u00f3mez. En ese mismo orden, nos impresionan las obras del Maestro Jos\u00e9 Cestero, con un viaje por la ciudad colonial de Santo Domingo, y el surrealismo caribe\u00f1o de Aram Musset y Dionisio Blanco; y en este recorrido nos encontramos con la magia y la serenidad de Mariano S\u00e1nchez.<\/span><\/p>\n<\/p>\n<p><span class=\"text1noticias\">Oscar Abreu se\u00f1ala que: \u00abCon actividades como \u00e9stas, nos proponemos estimular al p\u00fablico neoyorquino para que vean el arte dominicano como una inversi\u00f3n solida y segura.\u00bb<\/span><\/p>\n<\/p>\n<p><span class=\"text1noticias\">Abreu Fine Art es un ambicioso y emprendedor proyecto art\u00edstico cultural, especialmente conceptualizado y dise\u00f1ado para la proyecci\u00f3n internacional del arte dominicano. con programas de talleres de apreciaci\u00f3n con cr\u00edticos especializado y animadores culturales, de igual modo ofrecemos un servicio completo de enmarcado, conservaci\u00f3n y restauraci\u00f3n de obras de arte.\u00bb<\/span><\/p>\n<\/p>\n<p><span class=\"text1noticias\">La Exhibici\u00f3n permanecer\u00e1 abierta al p\u00fablico hasta el 10 de febrero del presente a\u00f1o. Para mayor informaci\u00f3n y ventas favor de contactarnos al 917-627.5625 o vis\u00edtenos en la web: www.abreufineart.com.<\/span><\/p>\n<p><span class=\"text1noticias\"> <\/span><\/p>\n<p><span class=\"text1noticias\"> <\/span><\/p>\n<\/p>\n<h6> 2012-01-23 21:00:17 <\/h6>\n<p><!--\n<link rel=\"stylesheet\" href=\"css\/bootstrap.min.css\">\n\n\n<ul class=\"pagination\">\n\t    \n\t\n\n<li >\n\t<a href='?page_no=18109'>Previous<\/a>\n\t<\/li>\n\n\n       \n    \n\n<li><a href='?page_no=1'>1<\/a><\/li>\n\n\n\n<li><a href='?page_no=2'>2<\/a><\/li>\n\n\n\n<li><a>...<\/a><\/li>\n\n\n\n<li><a href='?page_no=18108'>18108<\/a><\/li>\n\n\n\n<li><a href='?page_no=18109'>18109<\/a><\/li>\n\n\n\n<li class='active'><a>18110<\/a><\/li>\n\n\n\n<li><a href='?page_no=18111'>18111<\/a><\/li>\n\n\n\n<li><a href='?page_no=18112'>18112<\/a><\/li>\n\n\n\n<li><a>...<\/a><\/li>\n\n\n\n<li><a href='?page_no=22911'>22911<\/a><\/li>\n\n\n\n<li><a href='?page_no=22912'>22912<\/a><\/li>\n\n    \n\t\n\n<li >\n\t<a href='?page_no=18111'>Next<\/a>\n\t<\/li>\n\n\n    \n\n<li><a href='?page_no=22912'>Last &rsaquo;&rsaquo;<\/a><\/li>\n\n<\/ul>\n\n\n--><br \/>\n<\/body><\/p>\n","protected":false},"excerpt":{"rendered":"<p>New York, 23 Ene 2012.-Oscar Abreu presenta este viernes 20 de enero, a las 6:00 pm, la apertura deExpresiones Caribe\u00f1a, en la galer\u00eda de arte: Abreu Fine Art, ubicada en el 4394 Broadway, entre la 187-189st Manhattan, New York. Expresiones Caribe\u00f1a ser\u00e1 inaugurada durante una recepci\u00f3n especial abierta al p\u00fablico donde han sido invitadas todas [&hellip;]<\/p>\n","protected":false},"author":3,"featured_media":0,"comment_status":"open","ping_status":"open","sticky":false,"template":"","format":"standard","meta":{"footnotes":""},"categories":[21],"tags":[],"class_list":["post-66432","post","type-post","status-publish","format-standard","hentry","category-cultura"],"_links":{"self":[{"href":"https:\/\/diariodominicano.com\/index.php?rest_route=\/wp\/v2\/posts\/66432","targetHints":{"allow":["GET"]}}],"collection":[{"href":"https:\/\/diariodominicano.com\/index.php?rest_route=\/wp\/v2\/posts"}],"about":[{"href":"https:\/\/diariodominicano.com\/index.php?rest_route=\/wp\/v2\/types\/post"}],"author":[{"embeddable":true,"href":"https:\/\/diariodominicano.com\/index.php?rest_route=\/wp\/v2\/users\/3"}],"replies":[{"embeddable":true,"href":"https:\/\/diariodominicano.com\/index.php?rest_route=%2Fwp%2Fv2%2Fcomments&post=66432"}],"version-history":[{"count":0,"href":"https:\/\/diariodominicano.com\/index.php?rest_route=\/wp\/v2\/posts\/66432\/revisions"}],"wp:attachment":[{"href":"https:\/\/diariodominicano.com\/index.php?rest_route=%2Fwp%2Fv2%2Fmedia&parent=66432"}],"wp:term":[{"taxonomy":"category","embeddable":true,"href":"https:\/\/diariodominicano.com\/index.php?rest_route=%2Fwp%2Fv2%2Fcategories&post=66432"},{"taxonomy":"post_tag","embeddable":true,"href":"https:\/\/diariodominicano.com\/index.php?rest_route=%2Fwp%2Fv2%2Ftags&post=66432"}],"curies":[{"name":"wp","href":"https:\/\/api.w.org\/{rel}","templated":true}]}}