{"id":664317,"date":"2026-02-08T00:56:57","date_gmt":"2026-02-08T04:56:57","guid":{"rendered":"https:\/\/diariodominicano.com\/?p=664317"},"modified":"2026-02-08T00:56:59","modified_gmt":"2026-02-08T04:56:59","slug":"compartiendo-dialogos-conmigo-mismo-80","status":"publish","type":"post","link":"https:\/\/diariodominicano.com\/?p=664317","title":{"rendered":"COMPARTIENDO DI\u00c1LOGOS CONMIGO MISMO"},"content":{"rendered":"\n<p><strong>LUZ PARA ALUMBRAR<\/strong><\/p>\n\n\n\n<p><strong>Y SAL PARA ADEREZAR<\/strong><\/p>\n\n\n\n<p><strong><em>FAVORECER LA L\u00c1MPARA ENCENDIDA: Es la tarea del cristiano, irradiar el resplandor de Cristo, proclamando el esplendor de su Evangelio, en coherencia con el buen decir y el mejor hacer de cada uno. Los devotos de Jes\u00fas florecen, esclareciendo situaciones viciadas por la hipocres\u00eda. Lo realizan con afirmaci\u00f3n, para desvanecer las tinieblas y encender lo aut\u00e9ntico del verso, que hay en el verbo del pulso y sobre la pausa del santo esp\u00edritu, conciliando acciones y reconciliando actitudes.<\/em><\/strong><\/p>\n\n\n\n<p><strong>I.- UNA CONFORMIDAD,<\/strong><\/p>\n\n\n\n<p><strong>QUE NO SE&nbsp;<a><\/a><a><\/a><a><\/a><a><\/a><a><\/a><a><\/a><a><\/a><a><\/a><a><\/a><a><\/a><a><\/a><a><\/a><a><\/a><a><\/a><a><\/a><a><\/a><a><\/a><a><\/a><a><\/a><a><\/a><a><\/a><a><\/a><a><\/a><a><\/a>INTERPRETA,<\/strong><\/p>\n\n\n\n<p><strong>SE VIVE CON AMOR<\/strong><\/p>\n\n\n\n<p>Previo a orientarse en el camino,<\/p>\n\n\n\n<p>uno hace las cosas por las cosas;<\/p>\n\n\n\n<p>las trabaja y labora con caridad,<\/p>\n\n\n\n<p>con la fe y la esperanza en Jes\u00fas,<\/p>\n\n\n\n<p>aliento y alimento que nos salva.<\/p>\n\n\n\n<p>Somos llamados a ser su poes\u00eda,<\/p>\n\n\n\n<p>la gloria de su m\u00edstica percusi\u00f3n;<\/p>\n\n\n\n<p>una identidad que nace y renace,<\/p>\n\n\n\n<p>como fruto del encuentro con \u00c9l,<\/p>\n\n\n\n<p>y se muestra en el modo de obrar.<\/p>\n\n\n\n<p>Dejarse aclarar es volver a la luz,<\/p>\n\n\n\n<p>es retornar al torno de lo m\u00edstico;<\/p>\n\n\n\n<p>a lo esencial del soplo que somos,<\/p>\n\n\n\n<p>a los ojos de Dios que nos busca;<\/p>\n\n\n\n<p>al no ser de aqu\u00ed y s\u00ed de su Reino.<\/p>\n\n\n\n<p><strong>II.-LA SAL,<\/strong><\/p>\n\n\n\n<p><strong>&nbsp;QUE DA SAZ\u00d3N A LO HABITUAL,<\/strong><\/p>\n\n\n\n<p><strong>SE SIGNIFICA CON VOLUNTAD<\/strong><\/p>\n\n\n\n<p>La sal no se ve, pero se advierte;<\/p>\n\n\n\n<p>da condimento a nuestros pasos,<\/p>\n\n\n\n<p>nos guarda y resguarda del mal,<\/p>\n\n\n\n<p>nos mete \u00e1nimo en el des\u00e1nimo,<\/p>\n\n\n\n<p>para no caer en la desesperaci\u00f3n.<\/p>\n\n\n\n<p>Lo sustancial est\u00e1 en una fe sana,<\/p>\n\n\n\n<p>en coherencia con lo que se hace,<\/p>\n\n\n\n<p>colmada de bondad y de verdad,<\/p>\n\n\n\n<p>con una forma que genere estilo,<\/p>\n\n\n\n<p>con valores claros y fiel aprecio.<\/p>\n\n\n\n<p>Vivir con autenticidad es divino,<\/p>\n\n\n\n<p>porque uno se desvive por vivir;<\/p>\n\n\n\n<p>se gasta y se desgasta por querer,<\/p>\n\n\n\n<p>hasta descuidarse de uno mismo,<\/p>\n\n\n\n<p>para devolver el sabor a la savia.<\/p>\n\n\n\n<p><strong>III.- LA LLAMA,<\/strong><\/p>\n\n\n\n<p><strong>QUE NO REQUIERE DE ESTRELLA,<\/strong><\/p>\n\n\n\n<p><strong>SE PERCIBE CON ILUSIONES<\/strong><\/p>\n\n\n\n<p>Todo reto\u00f1a del fulgor intr\u00ednseco,<\/p>\n\n\n\n<p>pues lo caritativo est\u00e1 en donarse,<\/p>\n\n\n\n<p>en ofrendar el calor de la morada,<\/p>\n\n\n\n<p>con la seguridad de hermanarnos,<\/p>\n\n\n\n<p>para descubrirnos y concertarnos.<\/p>\n\n\n\n<p>Promovamos la antorcha del ser,<\/p>\n\n\n\n<p>labremos la uni\u00f3n entre nosotros,<\/p>\n\n\n\n<p>quitemos las discordias del alma,<\/p>\n\n\n\n<p>iluminemos los caminos a diario,<\/p>\n\n\n\n<p>y dejemos que giman las huellas.<\/p>\n\n\n\n<p>Son las pisadas por este universo,<\/p>\n\n\n\n<p>las que hablan de nuestra venida.<\/p>\n\n\n\n<p>Cuando existimos desde el bien,<\/p>\n\n\n\n<p>incluso en medio de las penurias,<\/p>\n\n\n\n<p>llamea la llama con celeste vigor.<\/p>\n\n\n\n<p><strong>V\u00edctor CORCOBA HERRERO<\/strong><strong><\/strong><\/p>\n\n\n\n<p><a href=\"mailto:corcoba@telefonica.net\" target=\"_blank\" rel=\"noreferrer noopener\"><strong>corcoba@telefonica.net<\/strong><\/a><\/p>\n\n\n\n<p><strong>07 de febrero de 2025.-<\/strong><\/p>\n","protected":false},"excerpt":{"rendered":"<p>LUZ PARA ALUMBRAR Y SAL PARA ADEREZAR FAVORECER LA L\u00c1MPARA ENCENDIDA: Es la tarea del cristiano, irradiar el resplandor de Cristo, proclamando el esplendor de su Evangelio, en coherencia con el buen decir y el mejor hacer de cada uno. Los devotos de Jes\u00fas florecen, esclareciendo situaciones viciadas por la hipocres\u00eda. Lo realizan con afirmaci\u00f3n, [&hellip;]<\/p>\n","protected":false},"author":28,"featured_media":499286,"comment_status":"open","ping_status":"closed","sticky":false,"template":"","format":"standard","meta":{"footnotes":""},"categories":[21],"tags":[4412],"class_list":["post-664317","post","type-post","status-publish","format-standard","has-post-thumbnail","hentry","category-cultura","tag-victor"],"_links":{"self":[{"href":"https:\/\/diariodominicano.com\/index.php?rest_route=\/wp\/v2\/posts\/664317","targetHints":{"allow":["GET"]}}],"collection":[{"href":"https:\/\/diariodominicano.com\/index.php?rest_route=\/wp\/v2\/posts"}],"about":[{"href":"https:\/\/diariodominicano.com\/index.php?rest_route=\/wp\/v2\/types\/post"}],"author":[{"embeddable":true,"href":"https:\/\/diariodominicano.com\/index.php?rest_route=\/wp\/v2\/users\/28"}],"replies":[{"embeddable":true,"href":"https:\/\/diariodominicano.com\/index.php?rest_route=%2Fwp%2Fv2%2Fcomments&post=664317"}],"version-history":[{"count":1,"href":"https:\/\/diariodominicano.com\/index.php?rest_route=\/wp\/v2\/posts\/664317\/revisions"}],"predecessor-version":[{"id":664318,"href":"https:\/\/diariodominicano.com\/index.php?rest_route=\/wp\/v2\/posts\/664317\/revisions\/664318"}],"wp:featuredmedia":[{"embeddable":true,"href":"https:\/\/diariodominicano.com\/index.php?rest_route=\/wp\/v2\/media\/499286"}],"wp:attachment":[{"href":"https:\/\/diariodominicano.com\/index.php?rest_route=%2Fwp%2Fv2%2Fmedia&parent=664317"}],"wp:term":[{"taxonomy":"category","embeddable":true,"href":"https:\/\/diariodominicano.com\/index.php?rest_route=%2Fwp%2Fv2%2Fcategories&post=664317"},{"taxonomy":"post_tag","embeddable":true,"href":"https:\/\/diariodominicano.com\/index.php?rest_route=%2Fwp%2Fv2%2Ftags&post=664317"}],"curies":[{"name":"wp","href":"https:\/\/api.w.org\/{rel}","templated":true}]}}