{"id":664300,"date":"2026-02-08T00:38:15","date_gmt":"2026-02-08T04:38:15","guid":{"rendered":"https:\/\/diariodominicano.com\/?p=664300"},"modified":"2026-02-08T00:43:18","modified_gmt":"2026-02-08T04:43:18","slug":"pianista-chino-lang-lang-realiza-presentacion-durante-la-ceremonia-de-inauguracion-de-los-juegos-olimpicos-de-invierno-milan-cortina-2026","status":"publish","type":"post","link":"https:\/\/diariodominicano.com\/?p=664300","title":{"rendered":"Pianista chino Lang Lang realiza presentaci\u00f3n durante la ceremonia de inauguraci\u00f3n de los Juegos Ol\u00edmpicos de Invierno Mil\u00e1n-Cortina 2026"},"content":{"rendered":"\n<p><em>spanish.news.cn<\/em>|<em>&nbsp;2026-02-08 10:28:24<\/em>|<\/p>\n\n\n\n<p>MILAN, 7 febrero, 2026 (Xinhua) &#8212; Imagen del 6 de febrero de 2026 del pianista chino Lang Lang present\u00e1ndose durante la ceremonia de inauguraci\u00f3n de los Juegos Ol\u00edmpicos de Invierno Mil\u00e1n-Cortina 2026 en el Estadio Ol\u00edmpico San Siro, en Mil\u00e1n, Italia. (Xinhua\/Xue Yuge)<\/p>\n\n\n\n<p><\/p>\n\n\n\n<figure class=\"wp-block-image\"><img decoding=\"async\" src=\"https:\/\/spanish.xinhuanet.com\/20260208\/b0999791c84045f9a5c9c7223d8e1e13\/20260208b0999791c84045f9a5c9c7223d8e1e13_202602083c3adb09562a4db292a12abe1c9187f4.jpg\" alt=\"\"\/><\/figure>\n\n\n\n<p>&nbsp;MILAN, 7 febrero, 2026 (Xinhua) &#8212; El pianista chino Lang Lang (i), y la cantante de \u00f3pera italiana Cecilia Bartoli, realizando una presentaci\u00f3n durante la ceremonia de inauguraci\u00f3n de los Juegos Ol\u00edmpicos de Invierno Mil\u00e1n-Cortina 2026 en el Estadio Ol\u00edmpico San Siro, en Mil\u00e1n, Italia. (Xinhua\/Wang Kaiyan)<\/p>\n\n\n\n<p><a href=\"https:\/\/www.facebook.com\/sharer\/sharer.php?u=https:\/\/spanish.xinhuanet.com\/20260208\/b0999791c84045f9a5c9c7223d8e1e13\/c.html\" target=\"_blank\" rel=\"noreferrer noopener\"><\/a>&nbsp;<a href=\"https:\/\/twitter.com\/intent\/tweet?text=Pianista%20chino%20Lang%20Lang%20realiza%20presentaci%C3%B3n%20durante%20la%20ceremonia%20de%20inauguraci%C3%B3n%20de%20los%20Juegos%20Ol%C3%ADmpicos%20de%20Invierno%20Mil%C3%A1n-Cortina%202026&amp;url=https:\/\/spanish.xinhuanet.com\/20260208\/b0999791c84045f9a5c9c7223d8e1e13\/c.html\" target=\"_blank\" rel=\"noreferrer noopener\"><\/a>&nbsp;<a target=\"_blank\" href=\"https:\/\/service.weibo.com\/share\/share.php?title=Pianista%20chino%20Lang%20Lang%20realiza%20presentaci%C3%B3n%20durante%20la%20ceremonia%20de%20inauguraci%C3%B3n%20de%20los%20Juegos%20Ol%C3%ADmpicos%20de%20Invierno%20Mil%C3%A1n-Cortina%202026&amp;url=https:\/\/spanish.xinhuanet.com\/20260208\/b0999791c84045f9a5c9c7223d8e1e13\/c.html\" rel=\"noreferrer noopener\"><\/a>&nbsp;<a><\/a><\/p>\n\n\n\n<figure class=\"wp-block-image\"><img decoding=\"async\" src=\"https:\/\/imgs.news.cn\/res\/xhwimg\/spanish\/20170522\/img\/jc-xfa.png\" alt=\"\"\/><\/figure>\n","protected":false},"excerpt":{"rendered":"<p>spanish.news.cn|&nbsp;2026-02-08 10:28:24| MILAN, 7 febrero, 2026 (Xinhua) &#8212; Imagen del 6 de febrero de 2026 del pianista chino Lang Lang present\u00e1ndose durante la ceremonia de inauguraci\u00f3n de los Juegos Ol\u00edmpicos de Invierno Mil\u00e1n-Cortina 2026 en el Estadio Ol\u00edmpico San Siro, en Mil\u00e1n, Italia. (Xinhua\/Xue Yuge) &nbsp;MILAN, 7 febrero, 2026 (Xinhua) &#8212; El pianista chino Lang [&hellip;]<\/p>\n","protected":false},"author":28,"featured_media":664306,"comment_status":"open","ping_status":"closed","sticky":false,"template":"","format":"standard","meta":{"footnotes":""},"categories":[21,17],"tags":[4408,4407],"class_list":["post-664300","post","type-post","status-publish","format-standard","has-post-thumbnail","hentry","category-cultura","category-deportes","tag-lang-lang","tag-pianista-chino"],"_links":{"self":[{"href":"https:\/\/diariodominicano.com\/index.php?rest_route=\/wp\/v2\/posts\/664300","targetHints":{"allow":["GET"]}}],"collection":[{"href":"https:\/\/diariodominicano.com\/index.php?rest_route=\/wp\/v2\/posts"}],"about":[{"href":"https:\/\/diariodominicano.com\/index.php?rest_route=\/wp\/v2\/types\/post"}],"author":[{"embeddable":true,"href":"https:\/\/diariodominicano.com\/index.php?rest_route=\/wp\/v2\/users\/28"}],"replies":[{"embeddable":true,"href":"https:\/\/diariodominicano.com\/index.php?rest_route=%2Fwp%2Fv2%2Fcomments&post=664300"}],"version-history":[{"count":2,"href":"https:\/\/diariodominicano.com\/index.php?rest_route=\/wp\/v2\/posts\/664300\/revisions"}],"predecessor-version":[{"id":664307,"href":"https:\/\/diariodominicano.com\/index.php?rest_route=\/wp\/v2\/posts\/664300\/revisions\/664307"}],"wp:featuredmedia":[{"embeddable":true,"href":"https:\/\/diariodominicano.com\/index.php?rest_route=\/wp\/v2\/media\/664306"}],"wp:attachment":[{"href":"https:\/\/diariodominicano.com\/index.php?rest_route=%2Fwp%2Fv2%2Fmedia&parent=664300"}],"wp:term":[{"taxonomy":"category","embeddable":true,"href":"https:\/\/diariodominicano.com\/index.php?rest_route=%2Fwp%2Fv2%2Fcategories&post=664300"},{"taxonomy":"post_tag","embeddable":true,"href":"https:\/\/diariodominicano.com\/index.php?rest_route=%2Fwp%2Fv2%2Ftags&post=664300"}],"curies":[{"name":"wp","href":"https:\/\/api.w.org\/{rel}","templated":true}]}}