{"id":66430,"date":"2012-01-23T21:46:38","date_gmt":"2012-01-23T21:46:38","guid":{"rendered":"http:\/\/diariodominicano.ddns.net\/?p=66430"},"modified":"2012-01-23T21:46:38","modified_gmt":"2012-01-23T21:46:38","slug":"sociedad-cultural-jose-marti-de-la-habana-cuba-honrara-memoria-de-carlos-eduardo-morales-nombrando-uno-de-sus-salones-con-su-nombre","status":"publish","type":"post","link":"https:\/\/diariodominicano.com\/?p=66430","title":{"rendered":"&#13;Sociedad Cultural Jose Marti de la Habana Cuba honrar\u00e1 memoria de Carlos Eduardo Morales nombrando uno de sus salones con su nombre&#13;"},"content":{"rendered":"<p><body><\/p>\n<p><img decoding=\"async\" src=\"img3\/cultural.JPG\" \/>  <\/p>\n<p><span class=\"text1noticias\">PUERTO PLATA, 23 Ene 2012.-La sociedad cultural Jos\u00e9 Mart\u00ed de la ciudad de Cuba, honrar\u00e1 la memoria del joven Puertoplate\u00f1o deportista Carlos Eduardo Morales, cuando el pr\u00f3ximo 4 de febrero del presente a\u00f1o, la sociedad cultural Cubana nombrara uno de su salones de acto, Carlos Eduardo era un joven que se destaco en varios deportes en el 1997 gano el primer lugar en motocross en Guatemala representando al pa\u00eds, fue jugador de Golf, era un excelente nadador, el sal\u00f3n que llevara su nombre ser\u00e1 usado para recluta j\u00f3venes con talento.<\/span><\/p>\n<p><span class=\"text1noticias\"> <\/span><\/p>\n<p><span class=\"text1noticias\">El joven Carlos Eduardo Morales ido a destiempo era hijo del destacado mun\u00edcipe Juan Carlitos Morales, y nieto de Don Juan Carlos Morales Capell\u00e1n un gran empresario Puertoplate\u00f1o, el acto se realizara en la Habana Cuba el pr\u00f3ximo 4 de febrero y estar\u00e1 la familia Morales acompa\u00f1ado del embajador dominicano Lic. Jos\u00e9 Manuel Castillo.<\/span><\/p>\n<p><span class=\"text1noticias\"> <\/span><\/p>\n<p><span class=\"text1noticias\"> <\/span><\/p>\n<\/p>\n<h6> 2012-01-23 21:46:38 <\/h6>\n<p><!--\n<link rel=\"stylesheet\" href=\"css\/bootstrap.min.css\">\n\n\n<ul class=\"pagination\">\n\t    \n\t\n\n<li >\n\t<a href='?page_no=18107'>Previous<\/a>\n\t<\/li>\n\n\n       \n    \n\n<li><a href='?page_no=1'>1<\/a><\/li>\n\n\n\n<li><a href='?page_no=2'>2<\/a><\/li>\n\n\n\n<li><a>...<\/a><\/li>\n\n\n\n<li><a href='?page_no=18106'>18106<\/a><\/li>\n\n\n\n<li><a href='?page_no=18107'>18107<\/a><\/li>\n\n\n\n<li class='active'><a>18108<\/a><\/li>\n\n\n\n<li><a href='?page_no=18109'>18109<\/a><\/li>\n\n\n\n<li><a href='?page_no=18110'>18110<\/a><\/li>\n\n\n\n<li><a>...<\/a><\/li>\n\n\n\n<li><a href='?page_no=22911'>22911<\/a><\/li>\n\n\n\n<li><a href='?page_no=22912'>22912<\/a><\/li>\n\n    \n\t\n\n<li >\n\t<a href='?page_no=18109'>Next<\/a>\n\t<\/li>\n\n\n    \n\n<li><a href='?page_no=22912'>Last &rsaquo;&rsaquo;<\/a><\/li>\n\n<\/ul>\n\n\n--><br \/>\n<\/body><\/p>\n","protected":false},"excerpt":{"rendered":"<p>PUERTO PLATA, 23 Ene 2012.-La sociedad cultural Jos\u00e9 Mart\u00ed de la ciudad de Cuba, honrar\u00e1 la memoria del joven Puertoplate\u00f1o deportista Carlos Eduardo Morales, cuando el pr\u00f3ximo 4 de febrero del presente a\u00f1o, la sociedad cultural Cubana nombrara uno de su salones de acto, Carlos Eduardo era un joven que se destaco en varios deportes [&hellip;]<\/p>\n","protected":false},"author":3,"featured_media":0,"comment_status":"open","ping_status":"open","sticky":false,"template":"","format":"standard","meta":{"footnotes":""},"categories":[21],"tags":[],"class_list":["post-66430","post","type-post","status-publish","format-standard","hentry","category-cultura"],"_links":{"self":[{"href":"https:\/\/diariodominicano.com\/index.php?rest_route=\/wp\/v2\/posts\/66430","targetHints":{"allow":["GET"]}}],"collection":[{"href":"https:\/\/diariodominicano.com\/index.php?rest_route=\/wp\/v2\/posts"}],"about":[{"href":"https:\/\/diariodominicano.com\/index.php?rest_route=\/wp\/v2\/types\/post"}],"author":[{"embeddable":true,"href":"https:\/\/diariodominicano.com\/index.php?rest_route=\/wp\/v2\/users\/3"}],"replies":[{"embeddable":true,"href":"https:\/\/diariodominicano.com\/index.php?rest_route=%2Fwp%2Fv2%2Fcomments&post=66430"}],"version-history":[{"count":0,"href":"https:\/\/diariodominicano.com\/index.php?rest_route=\/wp\/v2\/posts\/66430\/revisions"}],"wp:attachment":[{"href":"https:\/\/diariodominicano.com\/index.php?rest_route=%2Fwp%2Fv2%2Fmedia&parent=66430"}],"wp:term":[{"taxonomy":"category","embeddable":true,"href":"https:\/\/diariodominicano.com\/index.php?rest_route=%2Fwp%2Fv2%2Fcategories&post=66430"},{"taxonomy":"post_tag","embeddable":true,"href":"https:\/\/diariodominicano.com\/index.php?rest_route=%2Fwp%2Fv2%2Ftags&post=66430"}],"curies":[{"name":"wp","href":"https:\/\/api.w.org\/{rel}","templated":true}]}}