{"id":66429,"date":"2012-01-24T04:43:42","date_gmt":"2012-01-24T04:43:42","guid":{"rendered":"http:\/\/diariodominicano.ddns.net\/?p=66429"},"modified":"2012-01-24T04:43:42","modified_gmt":"2012-01-24T04:43:42","slug":"adriano-m-tejada-imparte-charla-magistral-en-moca-sobre-aspectos-de-la-vida-juan-pablo-duarte","status":"publish","type":"post","link":"https:\/\/diariodominicano.com\/?p=66429","title":{"rendered":"Adriano M. Tejada imparte charla magistral en Moca sobre aspectos de la vida Juan Pablo Duarte"},"content":{"rendered":"<p><body><\/p>\n<p><img decoding=\"async\" src=\"img3\/adriano01.jpg\" \/><br \/><img decoding=\"async\" src=\"img3\/adriano02.jpg\" \/><br \/><img decoding=\"async\" src=\"img3\/adriano03.jpg\" \/>  <\/p>\n<p><span class=\"text1noticias\">MOCA, Provincia Espaillat, Rep\u00fablica Dominicana, 24 enero.- El Director del Diario Libre, Adriano Miguel Tejada, imparti\u00f3 la charla magistral \u00abDuarte, la prensa de Curazao y la independencia dominicana\u00bb, dirigida a toda clase de p\u00fablico en el teatro Don Bosco, con la organizaci\u00f3n de la Oficina Senatorial de Espaillat del senador, Jos\u00e9 Rafael Vargas.<\/span><\/p>\n<\/p>\n<p><span class=\"text1noticias\"> Tejada relat\u00f3 que uno de los primeros resultados en la minuciosa investigaci\u00f3n fue el viaje sorpresa que hizo Juan Pablo Duarte a esa isla en el a\u00f1o de 1842, y que era totalmente desconocido por la historiograf\u00eda nacional\u00bb.<\/span><\/p>\n<p><span class=\"text1noticias\"> <\/span><\/p>\n<p><span class=\"text1noticias\">Igualmente expres\u00f3 que \u00abEste pasajero declar\u00f3 ser comerciante y tener 29 a\u00f1os de edad, datos todos compatibles con las generales del Patricio, nacido en 1813 y consagrado al comercio\u00bb, se\u00f1al\u00f3<\/span><\/p>\n<p><span class=\"text1noticias\"> <\/span><\/p>\n<p><span class=\"text1noticias\">Tambi\u00e9n en el libro aparece un registro de la llegada el 20 de agosto de 1842, del pasajero J. P. Duarte procedente de Santo Domingo, con el pasaporte n\u00famero 10.<\/span><\/p>\n<p><span class=\"text1noticias\"> <\/span><\/p>\n<p><span class=\"text1noticias\">El discurso de apertura al acto fue introducido por el senador Vargas, destacando los logros alcanzados por este valioso ser humano, siendo el primer acad\u00e9mico de n\u00famero de la Academia Dominicana de la Historia de origen mocano.<\/span><\/p>\n<p><span class=\"text1noticias\"> <\/span><\/p>\n<p><span class=\"text1noticias\">\u00abEs un honor poder presentar esta noche a un hombre que el mi\u00e9rcoles 23 de noviembre del 2011, en la sede de la Academia Dominicana de la Historia, ingres\u00f3 como miembro de n\u00famero de esa prestigiosa instituci\u00f3n, uno de los m\u00e1s destacados intelectuales mocanos; el Licenciado Adriano Miguel Tejada, quien nos honra con su presencia esta noche\u00bb, apunt\u00f3.<\/span><\/p>\n<p><span class=\"text1noticias\"> <\/span><\/p>\n<p><span class=\"text1noticias\">Destac\u00f3 adem\u00e1s que est\u00e1n iniciando los preparativos del bicentenario del patricio, a celebrarse en el a\u00f1o 2013 y que se siente honrado en comenzar con la semana duartiana con esta conferencia especial<\/span><\/p>\n<p><span class=\"text1noticias\"> <\/span><\/p>\n<p><span class=\"text1noticias\">En el tema tratado por Tejada \u00abDuarte, la prensa de Curazao y la independencia dominicana\u00bb, destac\u00f3 exteriores relacionados a la prensa y la independencia dominicana en los a\u00f1os 1842 y 1844.<\/span><\/p>\n<p><span class=\"text1noticias\"> <\/span><\/p>\n<p><span class=\"text1noticias\">En su discurso Tejada relat\u00f3 que uno de los primeros resultados en la minuciosa investigaci\u00f3n fue el viaje sorpresa que hizo Juan Pablo Duarte a esa isla en el a\u00f1o de 1842, y que era totalmente desconocido por la historiograf\u00eda nacional\u00bb.<\/span><\/p>\n<p><span class=\"text1noticias\"> <\/span><\/p>\n<p><span class=\"text1noticias\">Igualmente expres\u00f3 el director de Diario Libre que \u00abEste pasajero declar\u00f3 ser comerciante y tener 29 a\u00f1os de edad, datos todos compatibles con las generales del Patricio, nacido en 1813 y consagrado al comercio\u00bb, se\u00f1al\u00f3<\/span><\/p>\n<p><span class=\"text1noticias\"> <\/span><\/p>\n<p><span class=\"text1noticias\">Al acto se dieron cita personalidades, deportistas, junta de vecinos, colegios, liceos, escuelas, entre otros que disfrutaron del manjar del director del Diario Libre, primer peri\u00f3dico gratuito de la Rep\u00fablica Dominicana y productor del programa de televisi\u00f3n Diario Libre A.M.<\/span><\/p>\n<p><span class=\"text1noticias\"> <\/span><\/p>\n<p><span class=\"text1noticias\">Al final de las palabras la Oficina de Gesti\u00f3n Senatorial del senador Vargas, le entregaron a Tejada un hermoso arreglo floral y un libro que recoge la historia del Santuario Sagrado Coraz\u00f3n de Jes\u00fas.<\/span><\/p>\n<p><span class=\"text1noticias\"> <\/span><\/p>\n<p><span class=\"text1noticias\">Pie de foto: El director de Diario Libre Adriano Miguel Tejada recibe un hermoso arreglo floral de la oficina del senador Jos\u00e9 Rafael Vargas<\/span><\/p>\n<p><span class=\"text1noticias\"> <\/span><\/p>\n<p><span class=\"text1noticias\">Pie de foto: El senador Jos\u00e9 Rafael Vargas, Moraima de L\u00f3pez vice Sindica, Adriano Miguel Tejada Director de Diario Libre y el expositor, y el gobernador Jos\u00e9 Guillermo L\u00f3pez<\/span><\/p>\n<p><span class=\"text1noticias\"> <\/span><\/p>\n<p><span class=\"text1noticias\">Pie de foto: Adriano Miguel Tejada muestra su alegr\u00eda con los regalos de la Oficina del senador Jos\u00e9 Rafael Vargas  <\/span><\/p>\n<\/p>\n<\/p>\n<\/p>\n<\/p>\n<h6> 2012-01-24 04:43:42 <\/h6>\n<p><!--\n<link rel=\"stylesheet\" href=\"css\/bootstrap.min.css\">\n\n\n<ul class=\"pagination\">\n\t    \n\t\n\n<li >\n\t<a href='?page_no=18106'>Previous<\/a>\n\t<\/li>\n\n\n       \n    \n\n<li><a href='?page_no=1'>1<\/a><\/li>\n\n\n\n<li><a href='?page_no=2'>2<\/a><\/li>\n\n\n\n<li><a>...<\/a><\/li>\n\n\n\n<li><a href='?page_no=18105'>18105<\/a><\/li>\n\n\n\n<li><a href='?page_no=18106'>18106<\/a><\/li>\n\n\n\n<li class='active'><a>18107<\/a><\/li>\n\n\n\n<li><a href='?page_no=18108'>18108<\/a><\/li>\n\n\n\n<li><a href='?page_no=18109'>18109<\/a><\/li>\n\n\n\n<li><a>...<\/a><\/li>\n\n\n\n<li><a href='?page_no=22911'>22911<\/a><\/li>\n\n\n\n<li><a href='?page_no=22912'>22912<\/a><\/li>\n\n    \n\t\n\n<li >\n\t<a href='?page_no=18108'>Next<\/a>\n\t<\/li>\n\n\n    \n\n<li><a href='?page_no=22912'>Last &rsaquo;&rsaquo;<\/a><\/li>\n\n<\/ul>\n\n\n--><br \/>\n<\/body><\/p>\n","protected":false},"excerpt":{"rendered":"<p>MOCA, Provincia Espaillat, Rep\u00fablica Dominicana, 24 enero.- El Director del Diario Libre, Adriano Miguel Tejada, imparti\u00f3 la charla magistral \u00abDuarte, la prensa de Curazao y la independencia dominicana\u00bb, dirigida a toda clase de p\u00fablico en el teatro Don Bosco, con la organizaci\u00f3n de la Oficina Senatorial de Espaillat del senador, Jos\u00e9 Rafael Vargas. Tejada relat\u00f3 [&hellip;]<\/p>\n","protected":false},"author":3,"featured_media":0,"comment_status":"open","ping_status":"open","sticky":false,"template":"","format":"standard","meta":{"footnotes":""},"categories":[21],"tags":[],"class_list":["post-66429","post","type-post","status-publish","format-standard","hentry","category-cultura"],"_links":{"self":[{"href":"https:\/\/diariodominicano.com\/index.php?rest_route=\/wp\/v2\/posts\/66429","targetHints":{"allow":["GET"]}}],"collection":[{"href":"https:\/\/diariodominicano.com\/index.php?rest_route=\/wp\/v2\/posts"}],"about":[{"href":"https:\/\/diariodominicano.com\/index.php?rest_route=\/wp\/v2\/types\/post"}],"author":[{"embeddable":true,"href":"https:\/\/diariodominicano.com\/index.php?rest_route=\/wp\/v2\/users\/3"}],"replies":[{"embeddable":true,"href":"https:\/\/diariodominicano.com\/index.php?rest_route=%2Fwp%2Fv2%2Fcomments&post=66429"}],"version-history":[{"count":0,"href":"https:\/\/diariodominicano.com\/index.php?rest_route=\/wp\/v2\/posts\/66429\/revisions"}],"wp:attachment":[{"href":"https:\/\/diariodominicano.com\/index.php?rest_route=%2Fwp%2Fv2%2Fmedia&parent=66429"}],"wp:term":[{"taxonomy":"category","embeddable":true,"href":"https:\/\/diariodominicano.com\/index.php?rest_route=%2Fwp%2Fv2%2Fcategories&post=66429"},{"taxonomy":"post_tag","embeddable":true,"href":"https:\/\/diariodominicano.com\/index.php?rest_route=%2Fwp%2Fv2%2Ftags&post=66429"}],"curies":[{"name":"wp","href":"https:\/\/api.w.org\/{rel}","templated":true}]}}