{"id":66428,"date":"2012-01-24T15:40:07","date_gmt":"2012-01-24T15:40:07","guid":{"rendered":"http:\/\/diariodominicano.ddns.net\/?p=66428"},"modified":"2012-01-24T15:40:07","modified_gmt":"2012-01-24T15:40:07","slug":"ecuador-recupera-patrimonio-con-participacion-ciudadana","status":"publish","type":"post","link":"https:\/\/diariodominicano.com\/?p=66428","title":{"rendered":"Ecuador recupera patrimonio con participaci\u00f3n ciudadana"},"content":{"rendered":"<p><body><\/p>\n<p><img decoding=\"async\" src=\"img3\/ministra patrimonio ecu.jpg\" \/>  <\/p>\n<p><span class=\"text1noticias\">Por Yuri\u00e9n Portelles<\/span><\/p>\n<\/p>\n<p><span class=\"text1noticias\">Quito, 24 ene (PL).-  La recuperaci\u00f3n del patrimonio material e inmaterial de la naci\u00f3n es un derecho ciudadano propiciado hoy por la Revoluci\u00f3n encabezada por el presidente Rafael Correa, afirm\u00f3 la ministra Mar\u00eda Fernanda Espinosa.<\/span><\/p>\n<\/p>\n<p><span class=\"text1noticias\">\u00abNo podemos dar un pie atr\u00e1s porque los ecuatorianos ya sienten que el patrimonio es parte de su identidad, de su historia y reclaman por ello\u00bb, enfatiz\u00f3 la titular del Ministerio Coordinador de Patrimonio de Ecuador en declaraciones a Prensa Latina.<\/span><\/p>\n<\/p>\n<p><span class=\"text1noticias\">Al presentar el balance de labores de los \u00faltimos 12 meses en el teatro de M\u00e9xico, en Quito, Espinoza se\u00f1al\u00f3 que entre el 2007 y el 2010 se destinaron 848 millones de d\u00f3lares a la tarea de recobrar el patrimonio ecuatoriano, y solo en 2011 se elev\u00f3 el gasto a 227 millones.<\/span><\/p>\n<\/p>\n<p><span class=\"text1noticias\">La cifra contrasta con la \u00ednfima inversi\u00f3n que hicieron entre 2004 y 2006 cuatro gobiernos consecutivos, al destinar apenas 127 millones de d\u00f3lares.<\/span><\/p>\n<\/p>\n<p><span class=\"text1noticias\">Espinosa expuso que las estad\u00edsticas son un medidor de la importancia que le concede el presidente Correa a esta actividad, a la cual en su administraci\u00f3n se ha impulsado a trav\u00e9s de pol\u00edticas p\u00fablicas y proyectos de participaci\u00f3n ciudadana.<\/span><\/p>\n<\/p>\n<p><span class=\"text1noticias\">Ejemplific\u00f3 c\u00f3mo en 2007 fue creado el Ministerio Coordinador del Patrimonio a tales efectos, lo que ha permitido recuperar no solo sitios importantes para la naci\u00f3n, sino elevar la autoestima del ecuatoriano y salvaguardar la memoria hist\u00f3rica.<\/span><\/p>\n<\/p>\n<p><span class=\"text1noticias\">La funcionaria signific\u00f3 que los logros se registran tambi\u00e9n en el programa Socio Bosque para la reforestaci\u00f3n del pa\u00eds, y ya se salvaguardan 868 millones de hect\u00e1reas con beneficios directos para 76 mil personas, aunque todav\u00eda es preciso enfrentar la deforestaci\u00f3n.<\/span><\/p>\n<\/p>\n<p><span class=\"text1noticias\">Adem\u00e1s, se ha trabajado en la nueva ley del deporte, el reforzamiento a ley especial de Islas Gal\u00e1pagos, la conformaci\u00f3n del sistema nacional de cultura y el reforzamiento de la lucha contra el tr\u00e1fico de piezas y bienes patrimoniales.<\/span><\/p>\n<\/p>\n<p><span class=\"text1noticias\">Mencion\u00f3 la consolidaci\u00f3n de la red de ciudades patrimoniales de Ecuador, del observatorio contra la discriminaci\u00f3n y el racismo, adem\u00e1s de la regularizaci\u00f3n de la actividad camaronera y la restauraci\u00f3n de los manglares a fin de preservar el patrimonio natural.<\/span><\/p>\n<\/p>\n<p><span class=\"text1noticias\">En el listado se cita el desarrollo de 28 proyectos locales en tres de las provincias m\u00e1s pobres del pa\u00eds: Esmeraldas, Sucumb\u00edos y Chimborazo, y la iniciativa Yasun\u00ed para conservar esa \u00e1rea natural con grandes reservas petroleras.<\/span><\/p>\n<\/p>\n<p><span class=\"text1noticias\">Calific\u00f3 de un hito la publicaci\u00f3n en el pa\u00eds de la primera antolog\u00eda de poes\u00eda de mujeres ind\u00edgenas y afroecuatorianas, y otra similar pero de autoras latinoamericanas.<\/span><\/p>\n<\/p>\n<p><span class=\"text1noticias\">En la actualidad, y sobre la base de los preceptos de la Constituci\u00f3n de Montecristi, de 1998, dijo, se trabaja en la revisi\u00f3n del c\u00f3digo penal para los delitos contra el patrimonio cultural y natural, y contra los derechos de la naturaleza.<\/span><\/p>\n<\/p>\n<p><span class=\"text1noticias\">Durante el per\u00edodo evaluativo se ha elaborado el reglamento de acceso a los recursos gen\u00e9ticos y se hacen esfuerzos en la elaboraci\u00f3n de un c\u00f3digo ambiental, que este 2012 ser\u00e1 remitido a la Asamblea Nacional para su discusi\u00f3n y aprobaci\u00f3n.<\/span><\/p>\n<\/p>\n<p><span class=\"text1noticias\">Espinosa reiter\u00f3 la posici\u00f3n de su pa\u00eds en la arena internacional respecto al cambio clim\u00e1tico y afirm\u00f3 que Ecuador no solamente plantea problem\u00e1ticas, sino soluciones como la aprobaci\u00f3n de un mecanismo de Emisiones Netas Evitadas en respaldo a los pa\u00edses protectores del medio ambiente.<\/span><\/p>\n<\/p>\n<p><span class=\"text1noticias\">Entre los proyectos trascendentales para este a\u00f1o, cit\u00f3 la recuperaci\u00f3n del transporte ferroviario en ocasi\u00f3n del centenario del crimen del general Eloy Alfaro y sus compa\u00f1eros de lucha, al ser este patriota el impulsor de este medio de transporte en el pa\u00eds.<\/span><\/p>\n<\/p>\n<p><span class=\"text1noticias\">El objetivo del Ministerio Coordinador del Patrimonio de la Revoluci\u00f3n Ciudadana, acot\u00f3, es generar mejores condiciones de vida, promover el desarrollo sustentable y la redistribuci\u00f3n equitativa de los recursos derivados de la gesti\u00f3n patrimonial, para construir un pa\u00eds incluyente<\/span>.<\/p>\n<h6> 2012-01-24 15:40:07 <\/h6>\n<p><!--\n<link rel=\"stylesheet\" href=\"css\/bootstrap.min.css\">\n\n\n<ul class=\"pagination\">\n\t    \n\t\n\n<li >\n\t<a href='?page_no=18105'>Previous<\/a>\n\t<\/li>\n\n\n       \n    \n\n<li><a href='?page_no=1'>1<\/a><\/li>\n\n\n\n<li><a href='?page_no=2'>2<\/a><\/li>\n\n\n\n<li><a>...<\/a><\/li>\n\n\n\n<li><a href='?page_no=18104'>18104<\/a><\/li>\n\n\n\n<li><a href='?page_no=18105'>18105<\/a><\/li>\n\n\n\n<li class='active'><a>18106<\/a><\/li>\n\n\n\n<li><a href='?page_no=18107'>18107<\/a><\/li>\n\n\n\n<li><a href='?page_no=18108'>18108<\/a><\/li>\n\n\n\n<li><a>...<\/a><\/li>\n\n\n\n<li><a href='?page_no=22911'>22911<\/a><\/li>\n\n\n\n<li><a href='?page_no=22912'>22912<\/a><\/li>\n\n    \n\t\n\n<li >\n\t<a href='?page_no=18107'>Next<\/a>\n\t<\/li>\n\n\n    \n\n<li><a href='?page_no=22912'>Last &rsaquo;&rsaquo;<\/a><\/li>\n\n<\/ul>\n\n\n--><br \/>\n<\/body><\/p>\n","protected":false},"excerpt":{"rendered":"<p>Por Yuri\u00e9n Portelles Quito, 24 ene (PL).- La recuperaci\u00f3n del patrimonio material e inmaterial de la naci\u00f3n es un derecho ciudadano propiciado hoy por la Revoluci\u00f3n encabezada por el presidente Rafael Correa, afirm\u00f3 la ministra Mar\u00eda Fernanda Espinosa. \u00abNo podemos dar un pie atr\u00e1s porque los ecuatorianos ya sienten que el patrimonio es parte de [&hellip;]<\/p>\n","protected":false},"author":3,"featured_media":0,"comment_status":"open","ping_status":"open","sticky":false,"template":"","format":"standard","meta":{"footnotes":""},"categories":[21],"tags":[],"class_list":["post-66428","post","type-post","status-publish","format-standard","hentry","category-cultura"],"_links":{"self":[{"href":"https:\/\/diariodominicano.com\/index.php?rest_route=\/wp\/v2\/posts\/66428","targetHints":{"allow":["GET"]}}],"collection":[{"href":"https:\/\/diariodominicano.com\/index.php?rest_route=\/wp\/v2\/posts"}],"about":[{"href":"https:\/\/diariodominicano.com\/index.php?rest_route=\/wp\/v2\/types\/post"}],"author":[{"embeddable":true,"href":"https:\/\/diariodominicano.com\/index.php?rest_route=\/wp\/v2\/users\/3"}],"replies":[{"embeddable":true,"href":"https:\/\/diariodominicano.com\/index.php?rest_route=%2Fwp%2Fv2%2Fcomments&post=66428"}],"version-history":[{"count":0,"href":"https:\/\/diariodominicano.com\/index.php?rest_route=\/wp\/v2\/posts\/66428\/revisions"}],"wp:attachment":[{"href":"https:\/\/diariodominicano.com\/index.php?rest_route=%2Fwp%2Fv2%2Fmedia&parent=66428"}],"wp:term":[{"taxonomy":"category","embeddable":true,"href":"https:\/\/diariodominicano.com\/index.php?rest_route=%2Fwp%2Fv2%2Fcategories&post=66428"},{"taxonomy":"post_tag","embeddable":true,"href":"https:\/\/diariodominicano.com\/index.php?rest_route=%2Fwp%2Fv2%2Ftags&post=66428"}],"curies":[{"name":"wp","href":"https:\/\/api.w.org\/{rel}","templated":true}]}}