{"id":66426,"date":"2012-01-24T19:01:50","date_gmt":"2012-01-24T19:01:50","guid":{"rendered":"http:\/\/diariodominicano.ddns.net\/?p=66426"},"modified":"2012-01-24T19:01:50","modified_gmt":"2012-01-24T19:01:50","slug":"minerd-desarrolla-taller-para-una-cultura-de-paz-con-apoyo-de-la-unesco","status":"publish","type":"post","link":"https:\/\/diariodominicano.com\/?p=66426","title":{"rendered":"MINERD desarrolla taller para una cultura de paz con apoyo de la Unesco"},"content":{"rendered":"<p><body><\/p>\n<p><img decoding=\"async\" src=\"img3\/culturapaz.JPG\" \/>  <\/p>\n<p><span class=\"text1noticias\">Rep.Dom, 24 de Enero.-El Ministerio de Educaci\u00f3n (MINERD), a trav\u00e9s del Departamento de Psicolog\u00eda, Orientaci\u00f3n y Atenci\u00f3n a la Diversidad, inici\u00f3 ayer lunes 23 el taller internacional de comunicaci\u00f3n audiovisual para la  prevenci\u00f3n de violencia: El Uso de las  Tecnolog\u00edas de Informaci\u00f3n y Comunicaci\u00f3n para la Construcci\u00f3n de una Cultura de Paz  en Santo Domingo. <\/span><\/p>\n<\/p>\n<p><span class=\"text1noticias\">Est\u00e1 siendo impartido por especialistas de  la  Organizaci\u00f3n de las Naciones Unidas para la Educaci\u00f3n, la Ciencia y la Cultura (UNESCO Costa Rica)  y sustentado en  el Proyecto de Desarrollo Juvenil y Prevenci\u00f3n de Violencia.<\/span><\/p>\n<\/p>\n<p><span class=\"text1noticias\">Minerva P\u00e9rez, directora del Departamento de Psicolog\u00eda, Orientaci\u00f3n y Atenci\u00f3n a la Diversidad del MINERD, dirigi\u00f3 las palabras de motivaci\u00f3n a los estudiantes participantes, que fueron escogidos  de los  liceos Fabio A. Mota,  Fray Ram\u00f3n Pan\u00e9,  Capotillo y Benito Ju\u00e1rez de las Regionales 10 y 15, as\u00ed como algunos comunitarios.<\/span><\/p>\n<\/p>\n<p><span class=\"text1noticias\">P\u00e9rez dijo que durante este taller, que durar\u00e1 diez d\u00edas, se capacitar\u00e1 a  esos  j\u00f3venes  para que en el futuro  puedan servir de multiplicadores, en el MINERD, mediante el proceso de capacitaci\u00f3n que est\u00e1 bajo la responsabilidad de los facilitadores ecuatorianos Jorge Arias y Jonathan Monge, publicistas con experiencia en el uso de tecnolog\u00edas para la prevenci\u00f3n de la violencia.<\/span><\/p>\n<\/p>\n<p><span class=\"text1noticias\">Cheila Valera, coordinadora del proyecto, expres\u00f3 que  el objetivo de este taller  es  dotar a los participantes de  herramientas b\u00e1sicas y compartir con ellos las principales t\u00e9cnicas narrativas audiovisuales para habilitarlos como mediadores audiovisuales comunitarios, capaces de exponer necesidades, conflictos, sucesos, identidades, intereses, temores y sue\u00f1os, tanto de su localidad, como en los grupos sociales de los que forman parte y con los que interact\u00faan.  <\/span><\/p>\n<\/p>\n<p><span class=\"text1noticias\">Asimismo, busca ofrecerles recursos propios de audio y video para desarrollar habilidades de b\u00fasqueda, recolecci\u00f3n y presentaci\u00f3n de informaci\u00f3n; estructurar contenidos en campa\u00f1as sobre educaci\u00f3n, g\u00e9nero y prevenci\u00f3n de la violencia, y generar producciones que les permitan relatar opiniones e inquietudes.<\/span><\/p>\n<\/p>\n<p><span class=\"text1noticias\">Entre los objetivos espec\u00edficos figuran proporcionar a los participanes las t\u00e9cnicas narrativas elementales que les permitir\u00e1n armar una historia, ya sea periodistica o de ficci\u00f3n; introducirlos en el uso y manejo de las herramientas b\u00e1sicas de la tecnolog\u00eda audiovisual digital; compartir con ellos ciertas t\u00e9cnicas de recolecci\u00f3n y presentaci\u00f3n de informaci\u00f3n, tales como la redacci\u00f3n de noticias para audiovisuales, la preparaci\u00f3n y grabaci\u00f3n de entrevistas, y  de im\u00e1genes ilustrativas, entre otras.<\/span><\/p>\n<\/p>\n<p><span class=\"text1noticias\">Adem\u00e1s, vincular el trabajo audiovisual con la creaci\u00f3n de  contenidos en la prevenci\u00f3n de la violencia, la defensa de los derechos humanos, y con los valores fundamentales de libertad, igualdad, solidaridad, tolerancia, responsabilidad compartida, diversidad cultural y respeto a la naturaleza.<\/span><\/p>\n<\/p>\n<p><span class=\"text1noticias\">En el taller se adiestra en la producci\u00f3n de audio y video, as\u00ed como en el dise\u00f1o e implementaci\u00f3n de redes sociales enfocadas en la divulgaci\u00f3n de contenido inteligente. A los participantes se les exige disponibilidad absoluta durante el tiempo de la capacitaci\u00f3n, compromiso  en  el cumplimiento de los objetivos del taller, as\u00ed como ser conscientes de que los aprendizajes obtenidos ser\u00e1n  para continuar con el trabajo emprendido y, a su vez, para capacitar a otros j\u00f3venes.<\/span><\/p>\n<\/p>\n<p><span class=\"text1noticias\">Tambi\u00e9n se enfocar\u00e1  lo que son las redes sociales, su impacto en la sociedad actual, y c\u00f3mo navegar con seguridad,  c\u00f3mo  escribir  y hablar para radio; la producci\u00f3n audiovisual como herramienta de expresi\u00f3n; interconexi\u00f3n de redes sociales (audio, video, texto im\u00e1genes), proceso de postproducci\u00f3n, etc.<\/span><\/p>\n<\/p>\n<p><span class=\"text1noticias\">De acuerdo con la estrategia a mediano plazo (2008-2013) de la UNESCO, el trabajo  con los j\u00f3venes es prioritario y estrat\u00e9gico, sobre todo cuando se relaciona con la violencia juvenil y otros problemas que afectan  su  bienestar<\/span>.<\/p>\n<h6> 2012-01-24 19:01:50 <\/h6>\n<p><!--\n<link rel=\"stylesheet\" href=\"css\/bootstrap.min.css\">\n\n\n<ul class=\"pagination\">\n\t    \n\t\n\n<li >\n\t<a href='?page_no=18103'>Previous<\/a>\n\t<\/li>\n\n\n       \n    \n\n<li><a href='?page_no=1'>1<\/a><\/li>\n\n\n\n<li><a href='?page_no=2'>2<\/a><\/li>\n\n\n\n<li><a>...<\/a><\/li>\n\n\n\n<li><a href='?page_no=18102'>18102<\/a><\/li>\n\n\n\n<li><a href='?page_no=18103'>18103<\/a><\/li>\n\n\n\n<li class='active'><a>18104<\/a><\/li>\n\n\n\n<li><a href='?page_no=18105'>18105<\/a><\/li>\n\n\n\n<li><a href='?page_no=18106'>18106<\/a><\/li>\n\n\n\n<li><a>...<\/a><\/li>\n\n\n\n<li><a href='?page_no=22911'>22911<\/a><\/li>\n\n\n\n<li><a href='?page_no=22912'>22912<\/a><\/li>\n\n    \n\t\n\n<li >\n\t<a href='?page_no=18105'>Next<\/a>\n\t<\/li>\n\n\n    \n\n<li><a href='?page_no=22912'>Last &rsaquo;&rsaquo;<\/a><\/li>\n\n<\/ul>\n\n\n--><br \/>\n<\/body><\/p>\n","protected":false},"excerpt":{"rendered":"<p>Rep.Dom, 24 de Enero.-El Ministerio de Educaci\u00f3n (MINERD), a trav\u00e9s del Departamento de Psicolog\u00eda, Orientaci\u00f3n y Atenci\u00f3n a la Diversidad, inici\u00f3 ayer lunes 23 el taller internacional de comunicaci\u00f3n audiovisual para la prevenci\u00f3n de violencia: El Uso de las Tecnolog\u00edas de Informaci\u00f3n y Comunicaci\u00f3n para la Construcci\u00f3n de una Cultura de Paz en Santo Domingo. [&hellip;]<\/p>\n","protected":false},"author":3,"featured_media":0,"comment_status":"open","ping_status":"open","sticky":false,"template":"","format":"standard","meta":{"footnotes":""},"categories":[21],"tags":[],"class_list":["post-66426","post","type-post","status-publish","format-standard","hentry","category-cultura"],"_links":{"self":[{"href":"https:\/\/diariodominicano.com\/index.php?rest_route=\/wp\/v2\/posts\/66426","targetHints":{"allow":["GET"]}}],"collection":[{"href":"https:\/\/diariodominicano.com\/index.php?rest_route=\/wp\/v2\/posts"}],"about":[{"href":"https:\/\/diariodominicano.com\/index.php?rest_route=\/wp\/v2\/types\/post"}],"author":[{"embeddable":true,"href":"https:\/\/diariodominicano.com\/index.php?rest_route=\/wp\/v2\/users\/3"}],"replies":[{"embeddable":true,"href":"https:\/\/diariodominicano.com\/index.php?rest_route=%2Fwp%2Fv2%2Fcomments&post=66426"}],"version-history":[{"count":0,"href":"https:\/\/diariodominicano.com\/index.php?rest_route=\/wp\/v2\/posts\/66426\/revisions"}],"wp:attachment":[{"href":"https:\/\/diariodominicano.com\/index.php?rest_route=%2Fwp%2Fv2%2Fmedia&parent=66426"}],"wp:term":[{"taxonomy":"category","embeddable":true,"href":"https:\/\/diariodominicano.com\/index.php?rest_route=%2Fwp%2Fv2%2Fcategories&post=66426"},{"taxonomy":"post_tag","embeddable":true,"href":"https:\/\/diariodominicano.com\/index.php?rest_route=%2Fwp%2Fv2%2Ftags&post=66426"}],"curies":[{"name":"wp","href":"https:\/\/api.w.org\/{rel}","templated":true}]}}