{"id":66425,"date":"2012-01-24T21:10:59","date_gmt":"2012-01-24T21:10:59","guid":{"rendered":"http:\/\/diariodominicano.ddns.net\/?p=66425"},"modified":"2012-01-24T21:10:59","modified_gmt":"2012-01-24T21:10:59","slug":"festival-de-carnes-del-2-al-12-de-febrero-en-restaurant-cane","status":"publish","type":"post","link":"https:\/\/diariodominicano.com\/?p=66425","title":{"rendered":"Festival de Carnes del 2 al 12 de febrero en Restaurant Cane&#13;"},"content":{"rendered":"<p><body><\/p>\n<p><img decoding=\"async\" src=\"img3\/festival de carne 1.jpg\" \/><br \/><img decoding=\"async\" src=\"img3\/festival de carne 2.jpg\" \/><br \/><img decoding=\"async\" src=\"img3\/festival de carne 3.jpg\" \/>  <\/p>\n<p><span class=\"text1noticias\">SANTO DOMINGO, 24 Ene 2012.-Carnes Angus S\u00faper Premium y cortes ex\u00f3ticos de diferentes regiones del mundo, con ingredientes y recetas exclusivas, integran la variedad de platos que se ofrecer\u00e1n al p\u00fablico del 2 al 12 de febrero en el Festival de Carnes del Restaurante Cane.<\/span><\/p>\n<p><span class=\"text1noticias\"> <\/span><\/p>\n<p><span class=\"text1noticias\">La nueva oferta culinaria fue presentada a clientes y medios de comunicaci\u00f3n, en el marco de un coctel-degustaci\u00f3n realizado este lunes 23 de enero, en las instalaciones de Cane, en la avenida Abraham Lincoln n\u00famero 1059, del Ensanche Piantini.<\/span><\/p>\n<p><span class=\"text1noticias\"> <\/span><\/p>\n<p><span class=\"text1noticias\">En la actividad estuvo encabezada por su presidente, Jos\u00e9 Moreno e incluy\u00f3 las intervenciones de Arelys Rosario Cordero, gerente general, y V\u00edctor Oropeza, chef ejecutivo.<\/span><\/p>\n<p><span class=\"text1noticias\"> <\/span><\/p>\n<p><span class=\"text1noticias\">El se\u00f1or Oropeza destac\u00f3 los cortes exclusivos en las carnes, la cual estar\u00e1 completada con precios especiales y vinos de El Catador, con un 50 por ciento de descuento.<\/span><\/p>\n<p><span class=\"text1noticias\"> <\/span><\/p>\n<p><span class=\"text1noticias\">Resalt\u00f3 la variedad de platos que integran el men\u00fa de este Festival, entre los que cit\u00f3 \u00abChivo Lechal al Carb\u00f3n\u00bb, \u00abPiernita de Chivo\u00bb macerada y horneada a fuego lento y luego terminada al carb\u00f3n.<\/span><\/p>\n<p><span class=\"text1noticias\"> <\/span><\/p>\n<p><span class=\"text1noticias\">Asimismo, \u00abEl Ceviche vikingo\u00bb, \u00abParrillada al molcajete\u00bb, \u00abCerdo enchilado\u00bb, \u00abFilete de res con macadamia\u00bb, \u00abChorizo asado\u00bb, \u00abCamarones Jumbo\u00bb, \u00abLech\u00f3n al horno al estilo segoviano\u00bb, \u00abGuinea al vino tinto\u00bb, y \u00abLomo de cerdo al trapo.<\/span><\/p>\n<p><span class=\"text1noticias\"> <\/span><\/p>\n<p><span class=\"text1noticias\">Tambi\u00e9n \u00abPapiyot de cocodrilo\u00bb, al vino blanco y dij\u00f3n, acompa\u00f1ado de vegetales Baby; \u00abRack de Cordero en costra de macadamia\u00bb, con salsa de menta, polenta y ajo confitado, entre otras.<\/span><\/p>\n<p><span class=\"text1noticias\"> <\/span><\/p>\n<p><span class=\"text1noticias\">Mientras, que la gerente general de Cane, Arelys Rosario Cordero, explic\u00f3 que \u00abCane se ha convertido en el mejor ambiente de la ciudad, por sus diferentes \u00e1reas ideales para para eventos personales y corporativos, entre los que cit\u00f3 cumplea\u00f1os, reuniones de promoci\u00f3n, bautizos, lanzamientos, reuniones de negocios, entre otros.<\/span><\/p>\n<\/p>\n<p><span class=\"text1noticias\">Elogiado por expertos internacionales por su concepto fresco y original, Cane brinda en un s\u00f3lo lugar la elegancia, la alegr\u00eda y el estilo adaptado a un p\u00fablico adulto contempor\u00e1neo, con \u00e9nfasis en  la innovaci\u00f3n y la calidad.<\/span><\/p>\n<p><span class=\"text1noticias\"> <\/span><\/p>\n<p><span class=\"text1noticias\">Consta de una fina decoraci\u00f3n, con el tema de la ca\u00f1a de az\u00facar, creado el ambiente perfecto para degustar platos de la comida Latina &#8211; Caribe\u00f1a e internacional, acompa\u00f1ado de la mejor m\u00fasica.<\/span><\/p>\n<p><span class=\"text1noticias\"> <\/span><\/p>\n<\/p>\n<h6> 2012-01-24 21:10:59 <\/h6>\n<p><!--\n<link rel=\"stylesheet\" href=\"css\/bootstrap.min.css\">\n\n\n<ul class=\"pagination\">\n\t    \n\t\n\n<li >\n\t<a href='?page_no=18102'>Previous<\/a>\n\t<\/li>\n\n\n       \n    \n\n<li><a href='?page_no=1'>1<\/a><\/li>\n\n\n\n<li><a href='?page_no=2'>2<\/a><\/li>\n\n\n\n<li><a>...<\/a><\/li>\n\n\n\n<li><a href='?page_no=18101'>18101<\/a><\/li>\n\n\n\n<li><a href='?page_no=18102'>18102<\/a><\/li>\n\n\n\n<li class='active'><a>18103<\/a><\/li>\n\n\n\n<li><a href='?page_no=18104'>18104<\/a><\/li>\n\n\n\n<li><a href='?page_no=18105'>18105<\/a><\/li>\n\n\n\n<li><a>...<\/a><\/li>\n\n\n\n<li><a href='?page_no=22911'>22911<\/a><\/li>\n\n\n\n<li><a href='?page_no=22912'>22912<\/a><\/li>\n\n    \n\t\n\n<li >\n\t<a href='?page_no=18104'>Next<\/a>\n\t<\/li>\n\n\n    \n\n<li><a href='?page_no=22912'>Last &rsaquo;&rsaquo;<\/a><\/li>\n\n<\/ul>\n\n\n--><br \/>\n<\/body><\/p>\n","protected":false},"excerpt":{"rendered":"<p>SANTO DOMINGO, 24 Ene 2012.-Carnes Angus S\u00faper Premium y cortes ex\u00f3ticos de diferentes regiones del mundo, con ingredientes y recetas exclusivas, integran la variedad de platos que se ofrecer\u00e1n al p\u00fablico del 2 al 12 de febrero en el Festival de Carnes del Restaurante Cane. La nueva oferta culinaria fue presentada a clientes y medios [&hellip;]<\/p>\n","protected":false},"author":3,"featured_media":0,"comment_status":"open","ping_status":"open","sticky":false,"template":"","format":"standard","meta":{"footnotes":""},"categories":[21],"tags":[],"class_list":["post-66425","post","type-post","status-publish","format-standard","hentry","category-cultura"],"_links":{"self":[{"href":"https:\/\/diariodominicano.com\/index.php?rest_route=\/wp\/v2\/posts\/66425","targetHints":{"allow":["GET"]}}],"collection":[{"href":"https:\/\/diariodominicano.com\/index.php?rest_route=\/wp\/v2\/posts"}],"about":[{"href":"https:\/\/diariodominicano.com\/index.php?rest_route=\/wp\/v2\/types\/post"}],"author":[{"embeddable":true,"href":"https:\/\/diariodominicano.com\/index.php?rest_route=\/wp\/v2\/users\/3"}],"replies":[{"embeddable":true,"href":"https:\/\/diariodominicano.com\/index.php?rest_route=%2Fwp%2Fv2%2Fcomments&post=66425"}],"version-history":[{"count":0,"href":"https:\/\/diariodominicano.com\/index.php?rest_route=\/wp\/v2\/posts\/66425\/revisions"}],"wp:attachment":[{"href":"https:\/\/diariodominicano.com\/index.php?rest_route=%2Fwp%2Fv2%2Fmedia&parent=66425"}],"wp:term":[{"taxonomy":"category","embeddable":true,"href":"https:\/\/diariodominicano.com\/index.php?rest_route=%2Fwp%2Fv2%2Fcategories&post=66425"},{"taxonomy":"post_tag","embeddable":true,"href":"https:\/\/diariodominicano.com\/index.php?rest_route=%2Fwp%2Fv2%2Ftags&post=66425"}],"curies":[{"name":"wp","href":"https:\/\/api.w.org\/{rel}","templated":true}]}}