{"id":66422,"date":"2012-01-24T22:03:10","date_gmt":"2012-01-24T22:03:10","guid":{"rendered":"http:\/\/diariodominicano.ddns.net\/?p=66422"},"modified":"2012-01-24T22:03:10","modified_gmt":"2012-01-24T22:03:10","slug":"internos-de-rafey-hombre-presentan-exposicion-artistica-en-la-uapa","status":"publish","type":"post","link":"https:\/\/diariodominicano.com\/?p=66422","title":{"rendered":"&#13;Internos de Rafey-Hombre presentan Exposici\u00f3n Art\u00edstica en la UAPA"},"content":{"rendered":"<p><body><\/p>\n<p><img decoding=\"async\" src=\"img3\/internos de rafey obra artistica.JPG\" \/>  <\/p>\n<p><span class=\"text1noticias\">SANTIAGO, 24 Ene 2012.-Una gran colecci\u00f3n de piezas de artesan\u00edas, pinturas, esculturas, fueron parte de la exhibici\u00f3n que realizaron los internos del Centro de Correcci\u00f3n y Rehabilitaci\u00f3n Rafey-Hombre, en la Universidad Abierta para Adultos (UAPA) en el marco de la celebraci\u00f3n del 17 aniversario de la entidad acad\u00e9mica.<\/span><\/p>\n<\/p>\n<p><span class=\"text1noticias\">El ingenio y la creatividad de los hombres privados de libertad, se apreciaron en la diversidad de obras en t\u00e9cnicas como repujado en metal, pintura sobre oleo, escultura en madera, hierro y artesan\u00eda, que fueron del aprecio de los cientos de estudiantes que visitaron el escenario de la exposici\u00f3n.<\/span><\/p>\n<\/p>\n<p><span class=\"text1noticias\">Los expositores que tambi\u00e9n son participantes de la Universidad en el programa educativo dirigido a los centros de correcci\u00f3n modelo en el pa\u00eds, intercambiaron impresiones con los estudiantes sobre la muestra, que busca demostrar a la sociedad los trabajos art\u00edsticos de los internos en la excarcel de la ciudad de Santiago.<\/span><\/p>\n<\/p>\n<p><span class=\"text1noticias\">Con la exposici\u00f3n tambi\u00e9n, se persigue incentivar a los internos a la creaci\u00f3n art\u00edstico-artesanal y la producci\u00f3n de recursos, al tiempo de contribuir con su capacitaci\u00f3n, conforme a las explicaciones de la subdirectora de Asistencia y Tratamiento, la licenciada Clemen Garc\u00eda.<\/span><\/p>\n<\/p>\n<p><span class=\"text1noticias\">De su lado, la vicerrectora acad\u00e9mica, la doctora Magdalena Cruz, valor\u00f3 la muestra en el campus universitario y dijo que la misma se enmarca dentro del acuerdo de colaboraci\u00f3n- a trav\u00e9s de la Procuradur\u00eda General- que mantiene la academia con el centro de correcci\u00f3n y del acontecimiento del decimo s\u00e9ptimo aniversario de existencia de la casa de altos estudios.<\/span><\/p>\n<\/p>\n<p><span class=\"text1noticias\">La directiva, destac\u00f3 el esfuerzo y el talento de los internos, en especial del estudiante de Derecho en la UAPA, Jos\u00e9 Luis Gomera, un artista de pincel, que descubri\u00f3 su talento dentro del centro, as\u00ed como otros que no solamente se dedican a las actividades art\u00edsticas; sino que cursan carreras universitarias, lo que augura una buena rehabilitaci\u00f3n para insertarse nueva vez en la sociedad.<\/span><\/p>\n<\/p>\n<p><span class=\"text1noticias\">En un momento significativo fue cuando los directivos de la Universidad y el pintor Gomera, sorprendieron al rector y fundador de la UAPA, el doctor \u00c1ngel Hern\u00e1ndez, para obsequiarle la obra \u00b4Oc\u00e9ano\u00b4\u00b4, por el aniversario de la Instituci\u00f3n.<\/span><\/p>\n<\/p>\n<p><span class=\"text1noticias\">El acad\u00e9mico agradeci\u00f3 con humildad el detalle y el pintor le dio las gracias por la oportunidad del programa educativo con la modalidad a distancia, para capacitar como profesionales a los internos de Rafey-Hombre;\u00bbgracias, por ayudarnos\u00bb, expres\u00f3 visiblemente emocionado.<\/span><\/p>\n<p><span class=\"text1noticias\"> <\/span><\/p>\n<p><span class=\"text1noticias\"> <\/span><\/p>\n<\/p>\n<h6> 2012-01-24 22:03:10 <\/h6>\n<p><!--\n<link rel=\"stylesheet\" href=\"css\/bootstrap.min.css\">\n\n\n<ul class=\"pagination\">\n\t    \n\t\n\n<li >\n\t<a href='?page_no=18099'>Previous<\/a>\n\t<\/li>\n\n\n       \n    \n\n<li><a href='?page_no=1'>1<\/a><\/li>\n\n\n\n<li><a href='?page_no=2'>2<\/a><\/li>\n\n\n\n<li><a>...<\/a><\/li>\n\n\n\n<li><a href='?page_no=18098'>18098<\/a><\/li>\n\n\n\n<li><a href='?page_no=18099'>18099<\/a><\/li>\n\n\n\n<li class='active'><a>18100<\/a><\/li>\n\n\n\n<li><a href='?page_no=18101'>18101<\/a><\/li>\n\n\n\n<li><a href='?page_no=18102'>18102<\/a><\/li>\n\n\n\n<li><a>...<\/a><\/li>\n\n\n\n<li><a href='?page_no=22911'>22911<\/a><\/li>\n\n\n\n<li><a href='?page_no=22912'>22912<\/a><\/li>\n\n    \n\t\n\n<li >\n\t<a href='?page_no=18101'>Next<\/a>\n\t<\/li>\n\n\n    \n\n<li><a href='?page_no=22912'>Last &rsaquo;&rsaquo;<\/a><\/li>\n\n<\/ul>\n\n\n--><br \/>\n<\/body><\/p>\n","protected":false},"excerpt":{"rendered":"<p>SANTIAGO, 24 Ene 2012.-Una gran colecci\u00f3n de piezas de artesan\u00edas, pinturas, esculturas, fueron parte de la exhibici\u00f3n que realizaron los internos del Centro de Correcci\u00f3n y Rehabilitaci\u00f3n Rafey-Hombre, en la Universidad Abierta para Adultos (UAPA) en el marco de la celebraci\u00f3n del 17 aniversario de la entidad acad\u00e9mica. El ingenio y la creatividad de los [&hellip;]<\/p>\n","protected":false},"author":3,"featured_media":0,"comment_status":"open","ping_status":"open","sticky":false,"template":"","format":"standard","meta":{"footnotes":""},"categories":[21],"tags":[],"class_list":["post-66422","post","type-post","status-publish","format-standard","hentry","category-cultura"],"_links":{"self":[{"href":"https:\/\/diariodominicano.com\/index.php?rest_route=\/wp\/v2\/posts\/66422","targetHints":{"allow":["GET"]}}],"collection":[{"href":"https:\/\/diariodominicano.com\/index.php?rest_route=\/wp\/v2\/posts"}],"about":[{"href":"https:\/\/diariodominicano.com\/index.php?rest_route=\/wp\/v2\/types\/post"}],"author":[{"embeddable":true,"href":"https:\/\/diariodominicano.com\/index.php?rest_route=\/wp\/v2\/users\/3"}],"replies":[{"embeddable":true,"href":"https:\/\/diariodominicano.com\/index.php?rest_route=%2Fwp%2Fv2%2Fcomments&post=66422"}],"version-history":[{"count":0,"href":"https:\/\/diariodominicano.com\/index.php?rest_route=\/wp\/v2\/posts\/66422\/revisions"}],"wp:attachment":[{"href":"https:\/\/diariodominicano.com\/index.php?rest_route=%2Fwp%2Fv2%2Fmedia&parent=66422"}],"wp:term":[{"taxonomy":"category","embeddable":true,"href":"https:\/\/diariodominicano.com\/index.php?rest_route=%2Fwp%2Fv2%2Fcategories&post=66422"},{"taxonomy":"post_tag","embeddable":true,"href":"https:\/\/diariodominicano.com\/index.php?rest_route=%2Fwp%2Fv2%2Ftags&post=66422"}],"curies":[{"name":"wp","href":"https:\/\/api.w.org\/{rel}","templated":true}]}}