{"id":66420,"date":"2012-01-25T13:06:46","date_gmt":"2012-01-25T13:06:46","guid":{"rendered":"http:\/\/diariodominicano.ddns.net\/?p=66420"},"modified":"2012-01-25T13:06:46","modified_gmt":"2012-01-25T13:06:46","slug":"revista-suiza-dedica-portada-y-paginas-centrales-a-proyecto-cultural-en-republica-dominicana","status":"publish","type":"post","link":"https:\/\/diariodominicano.com\/?p=66420","title":{"rendered":"Revista suiza dedica portada y p\u00e1ginas centrales a proyecto cultural en Rep\u00fablica Dominicana"},"content":{"rendered":"<p><body><\/p>\n<p><img decoding=\"async\" src=\"img3\/Evento Musica sobre el mar.JPG\" \/><br \/><img decoding=\"async\" src=\"http:\/\/localhost:8080\/img3\/festival%20M%C3%83%C2%BAsica%20sobre%20el%20mar.JPG\" \/><br \/><img decoding=\"async\" src=\"img3\/Pagina editorial refiere al articulo a Escuelas Libres.JPG\" \/>  <\/p>\n<p><span class=\"text1noticias\">Republica Dominicana, 25 enero.-   La revista suiza Schweizer Familie dedic\u00f3 su portada, editorial y cinco p\u00e1ginas centrales a rese\u00f1ar la participaci\u00f3n del famoso jazzista Pepe Lienhard en el espect\u00e1culo \u00abM\u00fasica sobre el mar, 1er. Festival de Bandas de M\u00fasica de las Escuelas Libres\u00bb, organizado por el Ministerio de Cultura en R\u00edo San Juan y Santo Domingo, bajo la direcci\u00f3n de Angel Mej\u00eda.<\/span><\/p>\n<\/p>\n<p><span class=\"text1noticias\">Calzada con la firma de Ruedi Leuthold, periodista suizo residente en Brasil e ilustrada con 13 hermosas im\u00e1genes del fot\u00f3grafo alem\u00e1n Sven Creutzman, la publicaci\u00f3n hace un recuento de todos los pormenores relacionados con el encuentro entre Pepe Lienhard y los estudiantes de m\u00fasica de las Escuelas Libres, con los cuales dur\u00f3 una semana de trabajo docente e intercambio musical, hasta concluir con la gran celebraci\u00f3n del festival que tuvo como escenarios a la laguna Grigr\u00ed en el municipio de R\u00edo San Juan y al Centro Cultural Narciso Gonz\u00e1lez en el Distrito Nacional.<\/span><\/p>\n<\/p>\n<p><span class=\"text1noticias\">Escrito en un lenguaje narrativo cargado de poes\u00eda y emotividad, el art\u00edculo de Ruedi, en Schweizer Familie, establece una relaci\u00f3n entre el mundo musical de Pepe Lienard durante su ni\u00f1ez (apoyado por su madre sin el concurso del padre) y tres estudiantes de m\u00fasica de la Escuela Libre de R\u00edo San Juan, que igualmente son apoyados por Eustacia, abuela-madre de estos.<\/span><\/p>\n<\/p>\n<p><span class=\"text1noticias\">El editorial de la revista, que aparece en la primera p\u00e1gina de la misma bajo la firma de Daniel Dunkel, Jefe de Redacci\u00f3n, tambi\u00e9n hace referencia a esta parte del art\u00edculo de Ruedi, destacando la significativa misi\u00f3n de Lienhard en el Caribe (Rep\u00fablica Dominicana) como emulador de la m\u00fasica entre los ni\u00f1os. <\/span><\/p>\n<p><span class=\"text1noticias\">Origen de la publicaci\u00f3n suiza.<\/span><\/p>\n<\/p>\n<p><span class=\"text1noticias\">Al dar a conocer la publicaci\u00f3n, Angel Mej\u00eda, Director del Sistema Nacional de Escuelas Libres explic\u00f3 que a final de noviembre del a\u00f1o pasado dos periodistas, un camar\u00f3grafo y un fot\u00f3grafo de Suiza llegaron al pa\u00eds invitados por Cornelia Diethelm para dar cobertura al \u00ab1er Festival de Bandas de M\u00fasica de las Escuelas Libres, cubrir el proceso de encuentros de Pepe Lienhard con los estudiantes de dichas escuelas y conocer los detalles concernientes a la donaci\u00f3n de 250 instrumentos de m\u00fasica por parte de la fundaci\u00f3n \u00abMusik \u00fcbers Meer\u00bb, con el apoyo de la Asociaci\u00f3n Suiza de M\u00fasica de Viento. <\/span><\/p>\n<\/p>\n<p><span class=\"text1noticias\">Los periodistas suizos permanecieron varios d\u00edas en el pa\u00eds, visitaron la Escuela Libre de Monte de la Jagua en Moca, hicieron entrevistas a los j\u00f3venes y ni\u00f1os de la Escuela Libre de R\u00edo San Juan y estuvieron presentes en el festival que cerr\u00f3 con broche de oro todo ese proceso, tanto en la Laguna Grigr\u00ed como en el barrio de Villa Juana.<\/span><\/p>\n<\/p>\n<p><span class=\"text1noticias\">Tambi\u00e9n la televisi\u00f3n<\/span><\/p>\n<\/p>\n<p><span class=\"text1noticias\">Kulturplatz, emisi\u00f3n cultural de la televisi\u00f3n suiza difundi\u00f3 tambi\u00e9n un reportaje especial sobre el 1er. Festival de Bandas de M\u00fasica de las Escuelas Libres titulado Swiss Lady in der Karibik, aludiendo con ese t\u00edtulo a la interpretaci\u00f3n dominicana de \u00abSwiss Lady\u00bb, pieza interpretada por los ni\u00f1os y j\u00f3venes de la Escuela Libre de R\u00edo San Juan, cuya versi\u00f3n original hizo ganar el premio Eurovisi\u00f3n, a su autor Pepe Lienhard. <\/span><\/p>\n<\/p>\n<p><span class=\"text1noticias\">Con la firma de Sara Leuthold y apoyo en c\u00e1mara y edici\u00f3n de Raffael Gubler, Swiss Lady in der Karibik,  es una mirada suiza a los contrastes del Caribe, donde la belleza natural y la opulencia de instalaciones de lujo conviven con la marginalidad y el deseo de superaci\u00f3n de la gente en extrema pobreza. <\/span><\/p>\n<\/p>\n<p><span class=\"text1noticias\">Como Yalene Santos, jovencita entrevistada por Sara Leuthold en Swiss Lady in der Karibik, hay miles en el Sistema Nacional de Escuelas Libres del Ministerio de Cultura y el proyecto \u00abM\u00fasica sobre el mar\u00bb. <\/span><\/p>\n<\/p>\n<p><span class=\"text1noticias\">Ella toca su clarinete en medio del ambiente de precariedad econ\u00f3mica de su hogar, dejando salir notas que la hacen vivir un sue\u00f1o liberador a trav\u00e9s de la m\u00fasica.<\/span><\/p>\n<\/p>\n<p><span class=\"text1noticias\">\u00abPara mi, la m\u00fasica es algo maravilloso, algo muy bonito, muy especial\u00bb, dice Yalene Santos en el reportaje, para concluir con una sonrisa: \u00abCuando toco siento que estoy en otro sitio\u00bb<\/span><\/p>\n<p><span class=\"text1noticias\"> <\/span><\/p>\n<p><span class=\"text1noticias\">Este reportaje de televisi\u00f3n puede verse en la siguiente direcci\u00f3n de Internet:<\/span><\/p>\n<p><span class=\"text1noticias\">http:\/\/www.videoportal.sf.tv\/video?id=d7b7fa7d-cb41-4814-b149-10336057afeb<\/span>.<\/p>\n<\/p>\n<\/p>\n<\/p>\n<h6> 2012-01-25 13:06:46 <\/h6>\n<p><!--\n<link rel=\"stylesheet\" href=\"css\/bootstrap.min.css\">\n\n\n<ul class=\"pagination\">\n\t    \n\t\n\n<li >\n\t<a href='?page_no=18097'>Previous<\/a>\n\t<\/li>\n\n\n       \n    \n\n<li><a href='?page_no=1'>1<\/a><\/li>\n\n\n\n<li><a href='?page_no=2'>2<\/a><\/li>\n\n\n\n<li><a>...<\/a><\/li>\n\n\n\n<li><a href='?page_no=18096'>18096<\/a><\/li>\n\n\n\n<li><a href='?page_no=18097'>18097<\/a><\/li>\n\n\n\n<li class='active'><a>18098<\/a><\/li>\n\n\n\n<li><a href='?page_no=18099'>18099<\/a><\/li>\n\n\n\n<li><a href='?page_no=18100'>18100<\/a><\/li>\n\n\n\n<li><a>...<\/a><\/li>\n\n\n\n<li><a href='?page_no=22911'>22911<\/a><\/li>\n\n\n\n<li><a href='?page_no=22912'>22912<\/a><\/li>\n\n    \n\t\n\n<li >\n\t<a href='?page_no=18099'>Next<\/a>\n\t<\/li>\n\n\n    \n\n<li><a href='?page_no=22912'>Last &rsaquo;&rsaquo;<\/a><\/li>\n\n<\/ul>\n\n\n--><br \/>\n<\/body><\/p>\n","protected":false},"excerpt":{"rendered":"<p>Republica Dominicana, 25 enero.- La revista suiza Schweizer Familie dedic\u00f3 su portada, editorial y cinco p\u00e1ginas centrales a rese\u00f1ar la participaci\u00f3n del famoso jazzista Pepe Lienhard en el espect\u00e1culo \u00abM\u00fasica sobre el mar, 1er. Festival de Bandas de M\u00fasica de las Escuelas Libres\u00bb, organizado por el Ministerio de Cultura en R\u00edo San Juan y Santo [&hellip;]<\/p>\n","protected":false},"author":3,"featured_media":0,"comment_status":"open","ping_status":"open","sticky":false,"template":"","format":"standard","meta":{"footnotes":""},"categories":[21],"tags":[],"class_list":["post-66420","post","type-post","status-publish","format-standard","hentry","category-cultura"],"_links":{"self":[{"href":"https:\/\/diariodominicano.com\/index.php?rest_route=\/wp\/v2\/posts\/66420","targetHints":{"allow":["GET"]}}],"collection":[{"href":"https:\/\/diariodominicano.com\/index.php?rest_route=\/wp\/v2\/posts"}],"about":[{"href":"https:\/\/diariodominicano.com\/index.php?rest_route=\/wp\/v2\/types\/post"}],"author":[{"embeddable":true,"href":"https:\/\/diariodominicano.com\/index.php?rest_route=\/wp\/v2\/users\/3"}],"replies":[{"embeddable":true,"href":"https:\/\/diariodominicano.com\/index.php?rest_route=%2Fwp%2Fv2%2Fcomments&post=66420"}],"version-history":[{"count":0,"href":"https:\/\/diariodominicano.com\/index.php?rest_route=\/wp\/v2\/posts\/66420\/revisions"}],"wp:attachment":[{"href":"https:\/\/diariodominicano.com\/index.php?rest_route=%2Fwp%2Fv2%2Fmedia&parent=66420"}],"wp:term":[{"taxonomy":"category","embeddable":true,"href":"https:\/\/diariodominicano.com\/index.php?rest_route=%2Fwp%2Fv2%2Fcategories&post=66420"},{"taxonomy":"post_tag","embeddable":true,"href":"https:\/\/diariodominicano.com\/index.php?rest_route=%2Fwp%2Fv2%2Ftags&post=66420"}],"curies":[{"name":"wp","href":"https:\/\/api.w.org\/{rel}","templated":true}]}}