{"id":66419,"date":"2012-01-25T13:22:41","date_gmt":"2012-01-25T13:22:41","guid":{"rendered":"http:\/\/diariodominicano.ddns.net\/?p=66419"},"modified":"2012-01-25T13:22:41","modified_gmt":"2012-01-25T13:22:41","slug":"consulado-ny-recordara-a-juan-pablo-duarte-con-ofrenda","status":"publish","type":"post","link":"https:\/\/diariodominicano.com\/?p=66419","title":{"rendered":"Consulado NY recordara a Juan Pablo Duarte con ofrenda"},"content":{"rendered":"<p><body><\/p>\n<p><span class=\"text1noticias\">Nueva York, 25 enero.- Con motivo del 199 aniversario del natalico del pr\u00f3cer Juan Pablo Duarte el Consulado General de la Rep\u00fablica Dominicana en esta ciudad depositar\u00e1 una ofrenda floral el jueves 26 de enero, a las 11:30 de la ma\u00f1ana, en la calle Canal y Avenida Las Am\u00e9ricas, en Manhattan, donde se encuentra la estatua en honor al patricio.<\/span><\/p>\n<\/p>\n<p><span class=\"text1noticias\">En el acto participar\u00e1n dirigentes de distintas organizaciones culturales y comunitarias que trabajan por el fortalecimiento del legado hist\u00f3rico, art\u00edstico y cultural de la Rep\u00fablica Dominicana, asi como oficiales electos de origen dominicano.<\/span><\/p>\n<\/p>\n<p><span class=\"text1noticias\">Debido a las festividades, el Consulado no abrir\u00e1 el jueves 26 de enero.<\/span><\/p>\n<\/p>\n<p><span class=\"text1noticias\">Las labores normales se reanudar\u00e1n el viernes 27 en su horario habitual, de 9:00 de la ma\u00f1ana a 3:30 de la tarde<\/span> .<\/p>\n<\/p>\n<h6> 2012-01-25 13:22:41 <\/h6>\n<p><!--\n<link rel=\"stylesheet\" href=\"css\/bootstrap.min.css\">\n\n\n<ul class=\"pagination\">\n\t    \n\t\n\n<li >\n\t<a href='?page_no=18096'>Previous<\/a>\n\t<\/li>\n\n\n       \n    \n\n<li><a href='?page_no=1'>1<\/a><\/li>\n\n\n\n<li><a href='?page_no=2'>2<\/a><\/li>\n\n\n\n<li><a>...<\/a><\/li>\n\n\n\n<li><a href='?page_no=18095'>18095<\/a><\/li>\n\n\n\n<li><a href='?page_no=18096'>18096<\/a><\/li>\n\n\n\n<li class='active'><a>18097<\/a><\/li>\n\n\n\n<li><a href='?page_no=18098'>18098<\/a><\/li>\n\n\n\n<li><a href='?page_no=18099'>18099<\/a><\/li>\n\n\n\n<li><a>...<\/a><\/li>\n\n\n\n<li><a href='?page_no=22911'>22911<\/a><\/li>\n\n\n\n<li><a href='?page_no=22912'>22912<\/a><\/li>\n\n    \n\t\n\n<li >\n\t<a href='?page_no=18098'>Next<\/a>\n\t<\/li>\n\n\n    \n\n<li><a href='?page_no=22912'>Last &rsaquo;&rsaquo;<\/a><\/li>\n\n<\/ul>\n\n\n--><br \/>\n<\/body><\/p>\n","protected":false},"excerpt":{"rendered":"<p>Nueva York, 25 enero.- Con motivo del 199 aniversario del natalico del pr\u00f3cer Juan Pablo Duarte el Consulado General de la Rep\u00fablica Dominicana en esta ciudad depositar\u00e1 una ofrenda floral el jueves 26 de enero, a las 11:30 de la ma\u00f1ana, en la calle Canal y Avenida Las Am\u00e9ricas, en Manhattan, donde se encuentra la [&hellip;]<\/p>\n","protected":false},"author":3,"featured_media":0,"comment_status":"open","ping_status":"open","sticky":false,"template":"","format":"standard","meta":{"footnotes":""},"categories":[21],"tags":[],"class_list":["post-66419","post","type-post","status-publish","format-standard","hentry","category-cultura"],"_links":{"self":[{"href":"https:\/\/diariodominicano.com\/index.php?rest_route=\/wp\/v2\/posts\/66419","targetHints":{"allow":["GET"]}}],"collection":[{"href":"https:\/\/diariodominicano.com\/index.php?rest_route=\/wp\/v2\/posts"}],"about":[{"href":"https:\/\/diariodominicano.com\/index.php?rest_route=\/wp\/v2\/types\/post"}],"author":[{"embeddable":true,"href":"https:\/\/diariodominicano.com\/index.php?rest_route=\/wp\/v2\/users\/3"}],"replies":[{"embeddable":true,"href":"https:\/\/diariodominicano.com\/index.php?rest_route=%2Fwp%2Fv2%2Fcomments&post=66419"}],"version-history":[{"count":0,"href":"https:\/\/diariodominicano.com\/index.php?rest_route=\/wp\/v2\/posts\/66419\/revisions"}],"wp:attachment":[{"href":"https:\/\/diariodominicano.com\/index.php?rest_route=%2Fwp%2Fv2%2Fmedia&parent=66419"}],"wp:term":[{"taxonomy":"category","embeddable":true,"href":"https:\/\/diariodominicano.com\/index.php?rest_route=%2Fwp%2Fv2%2Fcategories&post=66419"},{"taxonomy":"post_tag","embeddable":true,"href":"https:\/\/diariodominicano.com\/index.php?rest_route=%2Fwp%2Fv2%2Ftags&post=66419"}],"curies":[{"name":"wp","href":"https:\/\/api.w.org\/{rel}","templated":true}]}}