{"id":66418,"date":"2012-01-25T13:28:37","date_gmt":"2012-01-25T13:28:37","guid":{"rendered":"http:\/\/diariodominicano.ddns.net\/?p=66418"},"modified":"2012-01-25T13:28:37","modified_gmt":"2012-01-25T13:28:37","slug":"en-espana-inician-mes-de-la-dominicanidad-con-una-misa","status":"publish","type":"post","link":"https:\/\/diariodominicano.com\/?p=66418","title":{"rendered":"&#13;En Espa\u00f1a inician \u00abMes de la Dominicanidad\u00bb con una misa"},"content":{"rendered":"<p><body><\/p>\n<p><span class=\"text1noticias\">Madrid, Espa\u00f1a 25 enero.- Cientos de dominicanos se reunieron en la parroquia de Santa Teresa y San Jos\u00e9 para celebrar el d\u00eda de la Virgen de la Altagracia, una de las principales advocaciones cat\u00f3licas de su pa\u00eds, y dejaron as\u00ed iniciado el Mes de la Dominicanidad en Madrid.<\/span><\/p>\n<\/p>\n<p><span class=\"text1noticias\">La tradicional ceremonia fue oficiada por el p\u00e1rroco Daniel Guerra, capell\u00e1n del Consulado Dominicano en Madrid, quien valor\u00f3 el masivo respaldo que cada a\u00f1o recibe esta conmemoraci\u00f3n religiosa, apuntando que \u00abcomenz\u00f3 hace 15 a\u00f1os con 13 personas y hoy d\u00eda tiene 900, una muestra de que el pueblo dominicano es meramente mariano y altagraciano\u00bb.<\/span><\/p>\n<\/p>\n<p><span class=\"text1noticias\">Para Frank Bencosme, c\u00f3nsul General de Rep\u00fablica Dominicana en Madrid, \u00abel entusiasmo que se percibi\u00f3 en este acto garantiza el \u00e9xito rotundo de las fiestas patrias, que iniciaron con la bendici\u00f3n de la virgen m\u00e1s venerada en nuestro pa\u00eds\u00bb.<\/span><\/p>\n<\/p>\n<p><span class=\"text1noticias\">Marcos Cross, creador del Mes de la Dominicanidad en su per\u00edodo de gesti\u00f3n consular 2004 &#8211; 2011, tambi\u00e9n estuvo presente y ponder\u00f3 la importancia de este acto de devoci\u00f3n cristiana y el programa cultural de actividades al que da inicio.<\/span><\/p>\n<\/p>\n<p><span class=\"text1noticias\">\u00abLos dominicanos queremos mucho a esta virgen, la honramos y la veneramos. Creo que estas actividades son importantes porque mantienen vigentes nuestras ra\u00edces en los corazones de los nuevos dominicanos nacidos aqu\u00ed, que se van haciendo hombres y mujeres lejos de su tierra. Todos debemos apoyar estas iniciativas y estos eventos para que la dominicanidad se mantenga de por vida\u00bb, opin\u00f3 Cross, actual Ministro Consejero de la Embajada Dominicana en Espa\u00f1a.<\/span><\/p>\n<\/p>\n<p><span class=\"text1noticias\">La tradicional festividad cat\u00f3lica cont\u00f3 con la participaci\u00f3n de la destacada artista dominicana \u00c1ngela Carrasco, quien estuvo al frente del coro que ameniz\u00f3 la actividad con cantos espirituales, de fraternidad y plegarias a la Altagracia.<\/span><\/p>\n<\/p>\n<p><span class=\"text1noticias\">Ni\u00f1os reci\u00e9n nacidos, mujeres que responden al nombre de Mar\u00eda, instrumentos musicales y alimentos tradicionales para los dominicanos fueron presentados ante el altar para recibir las bendiciones de los sacerdotes que dirigieron la misa.<\/span><\/p>\n<\/p>\n<p><span class=\"text1noticias\">Jeannette Alfau, presidenta del Consejo de Dominicanos en el Exterior; Carmen Mota, presidenta de la Asociaci\u00f3n Cultural de Ayuda Mutua Mar\u00eda Trinidad S\u00e1nchez; y Pedro Salla Torres, presidente de la Asociaci\u00f3n de Azuanos en Espa\u00f1a, fueron otras de las personalidades que asistieron al acto y valoraron por separado la significaci\u00f3n espiritual de la misa a la virgen y la creciente participaci\u00f3n de los dominicanos cada a\u00f1o.<\/span><\/p>\n<\/p>\n<p><span class=\"text1noticias\">\u00abEs una fiesta de la efervescencia y la hermandad dominicanas\u00bb, puntualiz\u00f3 Salla.<\/span><\/p>\n<\/p>\n<p><span class=\"text1noticias\">Las siguientes actividades del mes de la dominicanidad incluyen una ofrenda floral al busto del patricio Juan Pablo Duarte, en Madrid, charlas, conferencias, exposici\u00f3n de cortometrajes dominicanos y la celebraci\u00f3n del gran Desfile de la Dominicanidad, el 26 de febrero.<\/span><\/p>\n<\/p>\n<p><span class=\"text1noticias\">Artistas, asociaciones culturales, deportivas y religiosas, comparsas y carrozas alusivas a destacadas mujeres dominicanas como Concepci\u00f3n Bona, Mar\u00eda Trinidad S\u00e1nchez y Juana Saltitopa participar\u00e1n en este recorrido, que se extender\u00e1 desde la glorieta del sector Cuatro Caminos hasta la Plaza de la Remonta, el tramo con mayor concentraci\u00f3n de dominicanos de toda Espa\u00f1a<\/span>. <\/p>\n<\/p>\n<h6> 2012-01-25 13:28:37 <\/h6>\n<p><!--\n<link rel=\"stylesheet\" href=\"css\/bootstrap.min.css\">\n\n\n<ul class=\"pagination\">\n\t    \n\t\n\n<li >\n\t<a href='?page_no=18095'>Previous<\/a>\n\t<\/li>\n\n\n       \n    \n\n<li><a href='?page_no=1'>1<\/a><\/li>\n\n\n\n<li><a href='?page_no=2'>2<\/a><\/li>\n\n\n\n<li><a>...<\/a><\/li>\n\n\n\n<li><a href='?page_no=18094'>18094<\/a><\/li>\n\n\n\n<li><a href='?page_no=18095'>18095<\/a><\/li>\n\n\n\n<li class='active'><a>18096<\/a><\/li>\n\n\n\n<li><a href='?page_no=18097'>18097<\/a><\/li>\n\n\n\n<li><a href='?page_no=18098'>18098<\/a><\/li>\n\n\n\n<li><a>...<\/a><\/li>\n\n\n\n<li><a href='?page_no=22911'>22911<\/a><\/li>\n\n\n\n<li><a href='?page_no=22912'>22912<\/a><\/li>\n\n    \n\t\n\n<li >\n\t<a href='?page_no=18097'>Next<\/a>\n\t<\/li>\n\n\n    \n\n<li><a href='?page_no=22912'>Last &rsaquo;&rsaquo;<\/a><\/li>\n\n<\/ul>\n\n\n--><br \/>\n<\/body><\/p>\n","protected":false},"excerpt":{"rendered":"<p>Madrid, Espa\u00f1a 25 enero.- Cientos de dominicanos se reunieron en la parroquia de Santa Teresa y San Jos\u00e9 para celebrar el d\u00eda de la Virgen de la Altagracia, una de las principales advocaciones cat\u00f3licas de su pa\u00eds, y dejaron as\u00ed iniciado el Mes de la Dominicanidad en Madrid. La tradicional ceremonia fue oficiada por el [&hellip;]<\/p>\n","protected":false},"author":3,"featured_media":0,"comment_status":"open","ping_status":"open","sticky":false,"template":"","format":"standard","meta":{"footnotes":""},"categories":[21],"tags":[],"class_list":["post-66418","post","type-post","status-publish","format-standard","hentry","category-cultura"],"_links":{"self":[{"href":"https:\/\/diariodominicano.com\/index.php?rest_route=\/wp\/v2\/posts\/66418","targetHints":{"allow":["GET"]}}],"collection":[{"href":"https:\/\/diariodominicano.com\/index.php?rest_route=\/wp\/v2\/posts"}],"about":[{"href":"https:\/\/diariodominicano.com\/index.php?rest_route=\/wp\/v2\/types\/post"}],"author":[{"embeddable":true,"href":"https:\/\/diariodominicano.com\/index.php?rest_route=\/wp\/v2\/users\/3"}],"replies":[{"embeddable":true,"href":"https:\/\/diariodominicano.com\/index.php?rest_route=%2Fwp%2Fv2%2Fcomments&post=66418"}],"version-history":[{"count":0,"href":"https:\/\/diariodominicano.com\/index.php?rest_route=\/wp\/v2\/posts\/66418\/revisions"}],"wp:attachment":[{"href":"https:\/\/diariodominicano.com\/index.php?rest_route=%2Fwp%2Fv2%2Fmedia&parent=66418"}],"wp:term":[{"taxonomy":"category","embeddable":true,"href":"https:\/\/diariodominicano.com\/index.php?rest_route=%2Fwp%2Fv2%2Fcategories&post=66418"},{"taxonomy":"post_tag","embeddable":true,"href":"https:\/\/diariodominicano.com\/index.php?rest_route=%2Fwp%2Fv2%2Ftags&post=66418"}],"curies":[{"name":"wp","href":"https:\/\/api.w.org\/{rel}","templated":true}]}}