{"id":664160,"date":"2026-02-07T01:51:49","date_gmt":"2026-02-07T05:51:49","guid":{"rendered":"https:\/\/diariodominicano.com\/?p=664160"},"modified":"2026-02-07T01:51:51","modified_gmt":"2026-02-07T05:51:51","slug":"posponen-feria-del-libro-de-la-habana-por-recrudecimiento-del-bloqueo","status":"publish","type":"post","link":"https:\/\/diariodominicano.com\/?p=664160","title":{"rendered":"Posponen Feria del Libro de La Habana por recrudecimiento del bloqueo"},"content":{"rendered":"\n<p>La Habana, 6 feb (Prensa Latina) El ministro cubano de Cultura, Alpidio Alonso. inform\u00f3 hoy la pospocisi\u00f3n de la 34 Feria Internacional del Libro de La Habana ante la dif\u00edcil situaci\u00f3n que enfrenta el pa\u00eds por las medidas de recrudecimiento del bloqueo estadounidense.<\/p>\n\n\n\n<ul class=\"wp-block-list\">\n<li><a href=\"https:\/\/www.prensa-latina.cu\/2026\/02\/06\/\"><time>febrero 6, 2026 | 22:10<\/time><\/a><\/li>\n<\/ul>\n\n\n\n<ul class=\"wp-block-list\">\n<li><a href=\"https:\/\/www.prensa-latina.cu\/2026\/02\/06\/posponen-feria-del-libro-de-la-habana-por-recrudecimiento-del-bloqueo\/#\"><\/a><\/li>\n\n\n\n<li><a href=\"https:\/\/www.prensa-latina.cu\/2026\/02\/06\/posponen-feria-del-libro-de-la-habana-por-recrudecimiento-del-bloqueo\/#\"><\/a><\/li>\n\n\n\n<li><a href=\"https:\/\/www.prensa-latina.cu\/2026\/02\/06\/posponen-feria-del-libro-de-la-habana-por-recrudecimiento-del-bloqueo\/#\"><\/a><\/li>\n\n\n\n<li><a href=\"https:\/\/www.prensa-latina.cu\/2026\/02\/06\/posponen-feria-del-libro-de-la-habana-por-recrudecimiento-del-bloqueo\/#\"><\/a><\/li>\n<\/ul>\n\n\n\n<p>\u00abUn evento tan grande como la Feria del Libro, que es el evento m\u00e1s masivo que se hace dentro de la cultura y que concita la presencia de tantas personas, sobre todo en su escenario aqu\u00ed de La Caba\u00f1a en La Habana, pues hemos pensado posponerlo\u00bb, inform\u00f3 el titular en declaraciones a la Televisi\u00f3n Cubana.<\/p>\n\n\n\n<p>Ampli\u00f3 que se continuar\u00e1 la producci\u00f3n de libros, sobre todo en formato digital, pero tambi\u00e9n en papel. \u00abAlgunos de ellos que iban a estar para la feria y otros que iban a estar para despu\u00e9s que se cierre\u00bb, dijo.<\/p>\n\n\n\n<p>Explic\u00f3 que estos \u00faltimos se seguir\u00e1n imprimiendo y que se har\u00e1n presentaciones de libros en las comunidades.<\/p>\n\n\n\n<p>Vamos a hacer acciones de promoci\u00f3n de la lectura, de nuestros autores en las comunidades.<\/p>\n\n\n\n<p>El Instituto Cubano del Libro se\u00f1al\u00f3 en nota oficial que la Feria, programada del 12 al 22 de febrero, se pospone por el bloqueo genocida que ejerce el Gobierno de los Estados Unidos contra Cuba y su nueva escalada de agresiones para asfixiar econ\u00f3micamente a nuestro pueblo e intentar destruir la Revoluci\u00f3n.<\/p>\n\n\n\n<p>Indic\u00f3 que oportunamente se informar\u00e1 la nueva fecha de realizaci\u00f3n de este importante evento cultural.<\/p>\n\n\n\n<p>rc\/mml<\/p>\n\n\n\n<ul class=\"wp-block-list\">\n<li>#<a href=\"https:\/\/www.prensa-latina.cu\/etiqueta\/cuba\/\">cuba<\/a><\/li>\n<\/ul>\n","protected":false},"excerpt":{"rendered":"<p>La Habana, 6 feb (Prensa Latina) El ministro cubano de Cultura, Alpidio Alonso. inform\u00f3 hoy la pospocisi\u00f3n de la 34 Feria Internacional del Libro de La Habana ante la dif\u00edcil situaci\u00f3n que enfrenta el pa\u00eds por las medidas de recrudecimiento del bloqueo estadounidense. \u00abUn evento tan grande como la Feria del Libro, que es el [&hellip;]<\/p>\n","protected":false},"author":28,"featured_media":664161,"comment_status":"closed","ping_status":"closed","sticky":false,"template":"","format":"standard","meta":{"footnotes":""},"categories":[21],"tags":[],"class_list":["post-664160","post","type-post","status-publish","format-standard","has-post-thumbnail","hentry","category-cultura"],"_links":{"self":[{"href":"https:\/\/diariodominicano.com\/index.php?rest_route=\/wp\/v2\/posts\/664160","targetHints":{"allow":["GET"]}}],"collection":[{"href":"https:\/\/diariodominicano.com\/index.php?rest_route=\/wp\/v2\/posts"}],"about":[{"href":"https:\/\/diariodominicano.com\/index.php?rest_route=\/wp\/v2\/types\/post"}],"author":[{"embeddable":true,"href":"https:\/\/diariodominicano.com\/index.php?rest_route=\/wp\/v2\/users\/28"}],"replies":[{"embeddable":true,"href":"https:\/\/diariodominicano.com\/index.php?rest_route=%2Fwp%2Fv2%2Fcomments&post=664160"}],"version-history":[{"count":1,"href":"https:\/\/diariodominicano.com\/index.php?rest_route=\/wp\/v2\/posts\/664160\/revisions"}],"predecessor-version":[{"id":664162,"href":"https:\/\/diariodominicano.com\/index.php?rest_route=\/wp\/v2\/posts\/664160\/revisions\/664162"}],"wp:featuredmedia":[{"embeddable":true,"href":"https:\/\/diariodominicano.com\/index.php?rest_route=\/wp\/v2\/media\/664161"}],"wp:attachment":[{"href":"https:\/\/diariodominicano.com\/index.php?rest_route=%2Fwp%2Fv2%2Fmedia&parent=664160"}],"wp:term":[{"taxonomy":"category","embeddable":true,"href":"https:\/\/diariodominicano.com\/index.php?rest_route=%2Fwp%2Fv2%2Fcategories&post=664160"},{"taxonomy":"post_tag","embeddable":true,"href":"https:\/\/diariodominicano.com\/index.php?rest_route=%2Fwp%2Fv2%2Ftags&post=664160"}],"curies":[{"name":"wp","href":"https:\/\/api.w.org\/{rel}","templated":true}]}}