{"id":66416,"date":"2012-01-25T13:40:10","date_gmt":"2012-01-25T13:40:10","guid":{"rendered":"http:\/\/diariodominicano.ddns.net\/?p=66416"},"modified":"2012-01-25T13:40:10","modified_gmt":"2012-01-25T13:40:10","slug":"los-16-jovenes-mas-sobresalientes-en-el-2011-seran-reconocidos-en-tn","status":"publish","type":"post","link":"https:\/\/diariodominicano.com\/?p=66416","title":{"rendered":"Los 16 j\u00f3venes m\u00e1s sobresalientes en el 2011 ser\u00e1n reconocidos en TN"},"content":{"rendered":"<p><body><\/p>\n<p><span class=\"text1noticias\">Santo Domingo, RD 25 enero.-Un despliegue de talentos y destacadas personalidades se dar\u00e1n cita en la XVI entrega del m\u00e1s alto reconocimiento que otorga el Estado al esfuerzo y dedicaci\u00f3n de los j\u00f3venes Dominicanos.<\/span><\/p>\n<\/p>\n<p><span class=\"text1noticias\">La cita es el martes 31  la premiaci\u00f3n, en la Sala Carlos Piantini del Teatro Nacional Eduardo Brito, a las 7: 00  de la noche, inform\u00f3 el ministro de la Juventud, Franklin Rodriguez.<\/span><\/p>\n<\/p>\n<p><span class=\"text1noticias\">El equipo de producci\u00f3n afina los detalles para que los j\u00f3venes nominados, cerca de 20 artistas nacionales e internacionales que estar\u00e1n presentes as\u00ed como las personalidades a ser reconocidas se sientan a gusto.<\/span><\/p>\n<\/p>\n<p><span class=\"text1noticias\">Los 16 j\u00f3venes m\u00e1s sobresalientes en el 2011 ser\u00e1n reconocidos en aspectos como Aportes a la Cultura de Paz, Desarrollo Cultural, Liderazgo Profesional, M\u00e9rito Estudiantil, M\u00e9ritos Deportivos, Servicios Sociales Voluntarios a favor de la comunidad, Aportes a la salud, entre otros, incluido un joven dominicano destacado en el exterior.<\/span><\/p>\n<\/p>\n<p><span class=\"text1noticias\">Figuran entre los artistas que subir\u00e1n a escena Milly Quezada, Tercer Cielo Maridalia Hern\u00e1ndez, Sonia Silvestre, Secreto, el Poeta, Los Pepes, Joe Veras,  Sensato del patio, Nipo, Mozar La Para, Frank Reyes,  Joel Santos, Luis Miguel del  Amargue, Martha Heredia y un cantante  internacional que ser\u00e1 la  sorpresa de la noche.<\/span><\/p>\n<\/p>\n<p><span class=\"text1noticias\">La producci\u00f3n cuenta con un segmento dedicado a la  m\u00fasica cristiana, la cual estar\u00e1 representada por los int\u00e9rpretes Angie Piantiny, Nancy Amancio,  Alex N\u00fa\u00f1ez,  Johanny Compr\u00e9s y Jhoan Paulino<\/span>.<\/p>\n<\/p>\n<\/p>\n<h6> 2012-01-25 13:40:10 <\/h6>\n<p><!--\n<link rel=\"stylesheet\" href=\"css\/bootstrap.min.css\">\n\n\n<ul class=\"pagination\">\n\t    \n\t\n\n<li >\n\t<a href='?page_no=18093'>Previous<\/a>\n\t<\/li>\n\n\n       \n    \n\n<li><a href='?page_no=1'>1<\/a><\/li>\n\n\n\n<li><a href='?page_no=2'>2<\/a><\/li>\n\n\n\n<li><a>...<\/a><\/li>\n\n\n\n<li><a href='?page_no=18092'>18092<\/a><\/li>\n\n\n\n<li><a href='?page_no=18093'>18093<\/a><\/li>\n\n\n\n<li class='active'><a>18094<\/a><\/li>\n\n\n\n<li><a href='?page_no=18095'>18095<\/a><\/li>\n\n\n\n<li><a href='?page_no=18096'>18096<\/a><\/li>\n\n\n\n<li><a>...<\/a><\/li>\n\n\n\n<li><a href='?page_no=22911'>22911<\/a><\/li>\n\n\n\n<li><a href='?page_no=22912'>22912<\/a><\/li>\n\n    \n\t\n\n<li >\n\t<a href='?page_no=18095'>Next<\/a>\n\t<\/li>\n\n\n    \n\n<li><a href='?page_no=22912'>Last &rsaquo;&rsaquo;<\/a><\/li>\n\n<\/ul>\n\n\n--><br \/>\n<\/body><\/p>\n","protected":false},"excerpt":{"rendered":"<p>Santo Domingo, RD 25 enero.-Un despliegue de talentos y destacadas personalidades se dar\u00e1n cita en la XVI entrega del m\u00e1s alto reconocimiento que otorga el Estado al esfuerzo y dedicaci\u00f3n de los j\u00f3venes Dominicanos. La cita es el martes 31 la premiaci\u00f3n, en la Sala Carlos Piantini del Teatro Nacional Eduardo Brito, a las 7: [&hellip;]<\/p>\n","protected":false},"author":3,"featured_media":0,"comment_status":"open","ping_status":"open","sticky":false,"template":"","format":"standard","meta":{"footnotes":""},"categories":[21],"tags":[],"class_list":["post-66416","post","type-post","status-publish","format-standard","hentry","category-cultura"],"_links":{"self":[{"href":"https:\/\/diariodominicano.com\/index.php?rest_route=\/wp\/v2\/posts\/66416","targetHints":{"allow":["GET"]}}],"collection":[{"href":"https:\/\/diariodominicano.com\/index.php?rest_route=\/wp\/v2\/posts"}],"about":[{"href":"https:\/\/diariodominicano.com\/index.php?rest_route=\/wp\/v2\/types\/post"}],"author":[{"embeddable":true,"href":"https:\/\/diariodominicano.com\/index.php?rest_route=\/wp\/v2\/users\/3"}],"replies":[{"embeddable":true,"href":"https:\/\/diariodominicano.com\/index.php?rest_route=%2Fwp%2Fv2%2Fcomments&post=66416"}],"version-history":[{"count":0,"href":"https:\/\/diariodominicano.com\/index.php?rest_route=\/wp\/v2\/posts\/66416\/revisions"}],"wp:attachment":[{"href":"https:\/\/diariodominicano.com\/index.php?rest_route=%2Fwp%2Fv2%2Fmedia&parent=66416"}],"wp:term":[{"taxonomy":"category","embeddable":true,"href":"https:\/\/diariodominicano.com\/index.php?rest_route=%2Fwp%2Fv2%2Fcategories&post=66416"},{"taxonomy":"post_tag","embeddable":true,"href":"https:\/\/diariodominicano.com\/index.php?rest_route=%2Fwp%2Fv2%2Ftags&post=66416"}],"curies":[{"name":"wp","href":"https:\/\/api.w.org\/{rel}","templated":true}]}}