{"id":66415,"date":"2012-01-25T15:14:43","date_gmt":"2012-01-25T15:14:43","guid":{"rendered":"http:\/\/diariodominicano.ddns.net\/?p=66415"},"modified":"2012-01-25T15:14:43","modified_gmt":"2012-01-25T15:14:43","slug":"efemerides-informa-actividades-del-mes-de-la-patria","status":"publish","type":"post","link":"https:\/\/diariodominicano.com\/?p=66415","title":{"rendered":"Efem\u00e9rides informa actividades del Mes de la Patria"},"content":{"rendered":"<p><body><\/p>\n<p><span class=\"text1noticias\">La Comisi\u00f3n Permanente de Efem\u00e9rides Patrias (CPEP), dio a conocer la agenda de actividades que proyecta realizar con motivo del Mes de la Patria, que inicia el 26 de enero con la celebraci\u00f3n del natalicio del patricio Juan Pablo Duarte y concluye el 27 de febrero, aniversario de la proclamaci\u00f3n de la Independencia de la Rep\u00fablica.<\/span><\/p>\n<p><span class=\"text1noticias\"> <\/span><\/p>\n<p><span class=\"text1noticias\">Juan Daniel Balc\u00e1cer y Rafael P\u00e9rez Modesto, presidente y vicepresidente, respectivamente, de la CPEP, informaron que las festividades ser\u00e1n iniciadas el pr\u00f3ximo jueves en San Francisco de Macor\u00eds, con un desfile c\u00edvico-militar que ser\u00e1 encabezado por el presidente Leonel Fern\u00e1ndez en honor al patricio Juan Pablo Duarte, de cuyo nacimiento se cumplen 199 a\u00f1os.<\/span><\/p>\n<p><span class=\"text1noticias\"> <\/span><\/p>\n<p><span class=\"text1noticias\">En rueda de prensa en el sal\u00f3n Orlando Mart\u00ednez del Palacio Nacional, los funcionarios explicaron que el desfile ser\u00e1 a las 10:30 de la ma\u00f1ana y participar\u00e1 una brigada integrada por batallones de diversos cuerpos castrenses, adem\u00e1s de 2 mil estudiantes en representaci\u00f3n de los centros educativos de la provincia Duarte.<\/span><\/p>\n<p><span class=\"text1noticias\"> <\/span><\/p>\n<p><span class=\"text1noticias\">Informaron que ese mismo d\u00eda, a las 9:00 de la ma\u00f1ana, ser\u00e1 celebrado un Tedeum en la catedral Santa Ana, de San Francisco de Macor\u00eds, ciudad cabecera de la provincia que lleva el nombre del fundador de la naci\u00f3n dominicana.<\/span><\/p>\n<p><span class=\"text1noticias\"> <\/span><\/p>\n<p><span class=\"text1noticias\">Dijeron que a la par con las del Nordeste, en la capital se realizar\u00e1n varias actividades en el inicio del Mes de la Patria, las cuales ser\u00e1n encabezadas por el Vicepresidente de la Rep\u00fablica, doctor Rafael Alburquerque. Los actos en la capital ser\u00e1n organizados de manera conjunta con el Instituto Duartiano.<\/span><\/p>\n<p><span class=\"text1noticias\"> <\/span><\/p>\n<p><span class=\"text1noticias\">A ese respecto, Balc\u00e1cer y P\u00e9rez Modesto explicaron que Alburquerque asistir\u00e1 a la misa que se oficia tradicionalmente en la iglesia Santa B\u00e1rbara, donde fue bautizado Duarte, y luego se dirigir\u00e1 a la casa donde naci\u00f3 el patricio, hoy sede del Instituto Duartiano<\/span>.<\/p>\n<h6> 2012-01-25 15:14:43 <\/h6>\n<p><!--\n<link rel=\"stylesheet\" href=\"css\/bootstrap.min.css\">\n\n\n<ul class=\"pagination\">\n\t    \n\t\n\n<li >\n\t<a href='?page_no=18092'>Previous<\/a>\n\t<\/li>\n\n\n       \n    \n\n<li><a href='?page_no=1'>1<\/a><\/li>\n\n\n\n<li><a href='?page_no=2'>2<\/a><\/li>\n\n\n\n<li><a>...<\/a><\/li>\n\n\n\n<li><a href='?page_no=18091'>18091<\/a><\/li>\n\n\n\n<li><a href='?page_no=18092'>18092<\/a><\/li>\n\n\n\n<li class='active'><a>18093<\/a><\/li>\n\n\n\n<li><a href='?page_no=18094'>18094<\/a><\/li>\n\n\n\n<li><a href='?page_no=18095'>18095<\/a><\/li>\n\n\n\n<li><a>...<\/a><\/li>\n\n\n\n<li><a href='?page_no=22911'>22911<\/a><\/li>\n\n\n\n<li><a href='?page_no=22912'>22912<\/a><\/li>\n\n    \n\t\n\n<li >\n\t<a href='?page_no=18094'>Next<\/a>\n\t<\/li>\n\n\n    \n\n<li><a href='?page_no=22912'>Last &rsaquo;&rsaquo;<\/a><\/li>\n\n<\/ul>\n\n\n--><br \/>\n<\/body><\/p>\n","protected":false},"excerpt":{"rendered":"<p>La Comisi\u00f3n Permanente de Efem\u00e9rides Patrias (CPEP), dio a conocer la agenda de actividades que proyecta realizar con motivo del Mes de la Patria, que inicia el 26 de enero con la celebraci\u00f3n del natalicio del patricio Juan Pablo Duarte y concluye el 27 de febrero, aniversario de la proclamaci\u00f3n de la Independencia de la [&hellip;]<\/p>\n","protected":false},"author":3,"featured_media":0,"comment_status":"open","ping_status":"open","sticky":false,"template":"","format":"standard","meta":{"footnotes":""},"categories":[21],"tags":[],"class_list":["post-66415","post","type-post","status-publish","format-standard","hentry","category-cultura"],"_links":{"self":[{"href":"https:\/\/diariodominicano.com\/index.php?rest_route=\/wp\/v2\/posts\/66415","targetHints":{"allow":["GET"]}}],"collection":[{"href":"https:\/\/diariodominicano.com\/index.php?rest_route=\/wp\/v2\/posts"}],"about":[{"href":"https:\/\/diariodominicano.com\/index.php?rest_route=\/wp\/v2\/types\/post"}],"author":[{"embeddable":true,"href":"https:\/\/diariodominicano.com\/index.php?rest_route=\/wp\/v2\/users\/3"}],"replies":[{"embeddable":true,"href":"https:\/\/diariodominicano.com\/index.php?rest_route=%2Fwp%2Fv2%2Fcomments&post=66415"}],"version-history":[{"count":0,"href":"https:\/\/diariodominicano.com\/index.php?rest_route=\/wp\/v2\/posts\/66415\/revisions"}],"wp:attachment":[{"href":"https:\/\/diariodominicano.com\/index.php?rest_route=%2Fwp%2Fv2%2Fmedia&parent=66415"}],"wp:term":[{"taxonomy":"category","embeddable":true,"href":"https:\/\/diariodominicano.com\/index.php?rest_route=%2Fwp%2Fv2%2Fcategories&post=66415"},{"taxonomy":"post_tag","embeddable":true,"href":"https:\/\/diariodominicano.com\/index.php?rest_route=%2Fwp%2Fv2%2Ftags&post=66415"}],"curies":[{"name":"wp","href":"https:\/\/api.w.org\/{rel}","templated":true}]}}