{"id":66414,"date":"2012-01-25T15:28:47","date_gmt":"2012-01-25T15:28:47","guid":{"rendered":"http:\/\/diariodominicano.ddns.net\/?p=66414"},"modified":"2012-01-25T15:28:47","modified_gmt":"2012-01-25T15:28:47","slug":"conmemoraran-en-barahona-natalicio-de-duarte","status":"publish","type":"post","link":"https:\/\/diariodominicano.com\/?p=66414","title":{"rendered":"Conmemorar\u00e1n en Barahona, natalicio de Duarte"},"content":{"rendered":"<p><body><\/p>\n<p><img decoding=\"async\" src=\"img3\/PENHA RUBIO.JPG\" \/>  <\/p>\n<p><span class=\"text1noticias\">BARAHONA, Rep Dominicana, 25 enero.- La Gobernaci\u00f3n Provincial y la Comisi\u00f3n Permanente de Efem\u00e9rides Patrias, realizar\u00e1n varias actividades este jueves 26 de enero, con motivo de la conmemoraci\u00f3n del 199 aniversario del natalicio del Padre de la Patria, Juan Pablo Duarte, con las que se dar\u00e1 inicio al mes de Patria.<\/span><\/p>\n<\/p>\n<p><span class=\"text1noticias\">La informaci\u00f3n fue ofrecida por el gobernador provincial, ingeniero Pedro Pe\u00f1a Rubio, quien llam\u00f3 a los diferentes sectores de esta ciudad, a que respalden con su presencia estas actividades.<\/span><\/p>\n<\/p>\n<p><span class=\"text1noticias\">Dijo que las mismas se iniciaran a las ocho de la ma\u00f1ana con el Izamiento de la Bandera Nacional, en la gobernaci\u00f3n provincial.<\/span><\/p>\n<\/p>\n<p><span class=\"text1noticias\">Pe\u00f1a Rubio se\u00f1al\u00f3 que a las ocho y treinta minutos de la ma\u00f1ana se oficializar\u00e1 un Te-deum, en la catedral Nuestra Se\u00f1ora del Rosario, a las 9:30 a.m., se realizar\u00e1 un desfile de instituciones civiles, militares y estudiantes, que recorrer\u00e1 varias calles de la ciudad.<\/span><\/p>\n<\/p>\n<p><span class=\"text1noticias\">El representante del Poder Ejecutivo dijo que los actos protocolares con motivo del Natalicio de Duarte se efectuar\u00e1n a las diez y treinta minutos de la ma\u00f1ana en Plazoleta Duarte, donde se depositar\u00e1n ofrendas florales.<\/span><\/p>\n<\/p>\n<p><span class=\"text1noticias\">Refiri\u00f3 que estas actividades se llevar\u00e1n a cabo en coordinaci\u00f3n con la Comisi\u00f3n Permanente de Efem\u00e9rides Patrias, bajo la coordinaci\u00f3n del licenciado Bienvenido Herida, con el apoyo de varias instituciones<\/span>.<\/p>\n<\/p>\n<h6> 2012-01-25 15:28:47 <\/h6>\n<p><!--\n<link rel=\"stylesheet\" href=\"css\/bootstrap.min.css\">\n\n\n<ul class=\"pagination\">\n\t    \n\t\n\n<li >\n\t<a href='?page_no=18091'>Previous<\/a>\n\t<\/li>\n\n\n       \n    \n\n<li><a href='?page_no=1'>1<\/a><\/li>\n\n\n\n<li><a href='?page_no=2'>2<\/a><\/li>\n\n\n\n<li><a>...<\/a><\/li>\n\n\n\n<li><a href='?page_no=18090'>18090<\/a><\/li>\n\n\n\n<li><a href='?page_no=18091'>18091<\/a><\/li>\n\n\n\n<li class='active'><a>18092<\/a><\/li>\n\n\n\n<li><a href='?page_no=18093'>18093<\/a><\/li>\n\n\n\n<li><a href='?page_no=18094'>18094<\/a><\/li>\n\n\n\n<li><a>...<\/a><\/li>\n\n\n\n<li><a href='?page_no=22911'>22911<\/a><\/li>\n\n\n\n<li><a href='?page_no=22912'>22912<\/a><\/li>\n\n    \n\t\n\n<li >\n\t<a href='?page_no=18093'>Next<\/a>\n\t<\/li>\n\n\n    \n\n<li><a href='?page_no=22912'>Last &rsaquo;&rsaquo;<\/a><\/li>\n\n<\/ul>\n\n\n--><br \/>\n<\/body><\/p>\n","protected":false},"excerpt":{"rendered":"<p>BARAHONA, Rep Dominicana, 25 enero.- La Gobernaci\u00f3n Provincial y la Comisi\u00f3n Permanente de Efem\u00e9rides Patrias, realizar\u00e1n varias actividades este jueves 26 de enero, con motivo de la conmemoraci\u00f3n del 199 aniversario del natalicio del Padre de la Patria, Juan Pablo Duarte, con las que se dar\u00e1 inicio al mes de Patria. La informaci\u00f3n fue ofrecida [&hellip;]<\/p>\n","protected":false},"author":3,"featured_media":0,"comment_status":"open","ping_status":"open","sticky":false,"template":"","format":"standard","meta":{"footnotes":""},"categories":[21],"tags":[],"class_list":["post-66414","post","type-post","status-publish","format-standard","hentry","category-cultura"],"_links":{"self":[{"href":"https:\/\/diariodominicano.com\/index.php?rest_route=\/wp\/v2\/posts\/66414","targetHints":{"allow":["GET"]}}],"collection":[{"href":"https:\/\/diariodominicano.com\/index.php?rest_route=\/wp\/v2\/posts"}],"about":[{"href":"https:\/\/diariodominicano.com\/index.php?rest_route=\/wp\/v2\/types\/post"}],"author":[{"embeddable":true,"href":"https:\/\/diariodominicano.com\/index.php?rest_route=\/wp\/v2\/users\/3"}],"replies":[{"embeddable":true,"href":"https:\/\/diariodominicano.com\/index.php?rest_route=%2Fwp%2Fv2%2Fcomments&post=66414"}],"version-history":[{"count":0,"href":"https:\/\/diariodominicano.com\/index.php?rest_route=\/wp\/v2\/posts\/66414\/revisions"}],"wp:attachment":[{"href":"https:\/\/diariodominicano.com\/index.php?rest_route=%2Fwp%2Fv2%2Fmedia&parent=66414"}],"wp:term":[{"taxonomy":"category","embeddable":true,"href":"https:\/\/diariodominicano.com\/index.php?rest_route=%2Fwp%2Fv2%2Fcategories&post=66414"},{"taxonomy":"post_tag","embeddable":true,"href":"https:\/\/diariodominicano.com\/index.php?rest_route=%2Fwp%2Fv2%2Ftags&post=66414"}],"curies":[{"name":"wp","href":"https:\/\/api.w.org\/{rel}","templated":true}]}}