{"id":66413,"date":"2012-01-25T15:35:07","date_gmt":"2012-01-25T15:35:07","guid":{"rendered":"http:\/\/diariodominicano.ddns.net\/?p=66413"},"modified":"2012-01-25T15:35:07","modified_gmt":"2012-01-25T15:35:07","slug":"alista-santiago-de-cuba-cierre-feria-del-libro-2012","status":"publish","type":"post","link":"https:\/\/diariodominicano.com\/?p=66413","title":{"rendered":"Alista Santiago de Cuba cierre Feria del Libro 2012"},"content":{"rendered":"<p><body><\/p>\n<p><img decoding=\"async\" src=\"img3\/feriadellibro cuba 2012.jpg\" \/>  <\/p>\n<p><span class=\"text1noticias\">Por Martha Cabrales Arias<\/span><\/p>\n<\/p>\n<p><span class=\"text1noticias\">Santiago de Cuba, 25 ene (PL).-  La XXI Feria Internacional del Libro cerrar\u00e1 sus p\u00e1ginas el pr\u00f3ximo 4 de marzo en esta ciudad, donde est\u00e1 listo hoy un programa de presentaciones de textos y actividades art\u00edsticas y acad\u00e9micas.<\/span><\/p>\n<\/p>\n<p><span class=\"text1noticias\">Desde el 29 de febrero comenzar\u00e1n los encuentros te\u00f3ricos con un panel acerca de El tema negro en Cuba: historia e historiograf\u00eda, en el cual participar\u00e1n prestigiosos investigadores, encabezados por la doctora Olga Portuondo, Historiadora de la urbe y Premio Nacional de Ciencias Sociales.<\/span><\/p>\n<\/p>\n<p><span class=\"text1noticias\">Entre las novedades editoriales estar\u00e1n La rebeli\u00f3n de Aponte de 1812, de Matt Childs; y La cultura rastafari en Cuba, de Samuel Fur\u00e9, ambos del sello Oriente, con sede aqu\u00ed y cerca de 40 a\u00f1os como el \u00fanico de car\u00e1cter nacional fuera de la capital cubana.<\/span><\/p>\n<\/p>\n<p><span class=\"text1noticias\">Componentes \u00e9tnicos de la naci\u00f3n cubana, de Jes\u00fas Guanche; y Cuba Insurgente, Raza, Naci\u00f3n y Revoluci\u00f3n, de Ada Ferrer, a cargo de Ciencias Sociales; una s\u00edntesis hist\u00f3rica de esta provincia y varios t\u00edtulos de autores caribe\u00f1os integran igualmente la propuesta del encuentro literario.<\/span><\/p>\n<\/p>\n<p><span class=\"text1noticias\">Durante la cita quedar\u00e1 inaugurada la exposici\u00f3n El Caribe que nos une, con los fondos de la instituci\u00f3n cultural que desde hace 30 a\u00f1os contribuye a la aproximaci\u00f3n y al conocimiento de la historia y el patrimonio art\u00edstico de la regi\u00f3n a la cual se consagrar\u00e1 esta fiesta de las letras.<\/span><\/p>\n<\/p>\n<p><span class=\"text1noticias\">Ediciones Santiago y Caser\u00f3n mostrar\u00e1n igualmente sus vol\u00famenes, al tiempo que tendr\u00e1n lugar intercambios de bibliotecas p\u00fablicas y ni\u00f1os escritores, reconocimientos a personalidades, un foro solidario juvenil y un espect\u00e1culo musical de cierre de la Feria.<\/span><\/p>\n<\/p>\n<p><span class=\"text1noticias\">El 9 venidero se iniciar\u00e1 el jubileo anual en el complejo Morro-Caba\u00f1a, de La Habana, y a partir del 19 partir\u00e1 hacia las restantes provincias cubanas, con su carga de saber y esparcimiento, dedicada a los pueblos del Caribe y a los notables intelectuales Zoila Lapique y Ambrosio Fornet<\/span>.<\/p>\n<h6> 2012-01-25 15:35:07 <\/h6>\n<p><!--\n<link rel=\"stylesheet\" href=\"css\/bootstrap.min.css\">\n\n\n<ul class=\"pagination\">\n\t    \n\t\n\n<li >\n\t<a href='?page_no=18090'>Previous<\/a>\n\t<\/li>\n\n\n       \n    \n\n<li><a href='?page_no=1'>1<\/a><\/li>\n\n\n\n<li><a href='?page_no=2'>2<\/a><\/li>\n\n\n\n<li><a>...<\/a><\/li>\n\n\n\n<li><a href='?page_no=18089'>18089<\/a><\/li>\n\n\n\n<li><a href='?page_no=18090'>18090<\/a><\/li>\n\n\n\n<li class='active'><a>18091<\/a><\/li>\n\n\n\n<li><a href='?page_no=18092'>18092<\/a><\/li>\n\n\n\n<li><a href='?page_no=18093'>18093<\/a><\/li>\n\n\n\n<li><a>...<\/a><\/li>\n\n\n\n<li><a href='?page_no=22911'>22911<\/a><\/li>\n\n\n\n<li><a href='?page_no=22912'>22912<\/a><\/li>\n\n    \n\t\n\n<li >\n\t<a href='?page_no=18092'>Next<\/a>\n\t<\/li>\n\n\n    \n\n<li><a href='?page_no=22912'>Last &rsaquo;&rsaquo;<\/a><\/li>\n\n<\/ul>\n\n\n--><br \/>\n<\/body><\/p>\n","protected":false},"excerpt":{"rendered":"<p>Por Martha Cabrales Arias Santiago de Cuba, 25 ene (PL).- La XXI Feria Internacional del Libro cerrar\u00e1 sus p\u00e1ginas el pr\u00f3ximo 4 de marzo en esta ciudad, donde est\u00e1 listo hoy un programa de presentaciones de textos y actividades art\u00edsticas y acad\u00e9micas. Desde el 29 de febrero comenzar\u00e1n los encuentros te\u00f3ricos con un panel acerca [&hellip;]<\/p>\n","protected":false},"author":3,"featured_media":0,"comment_status":"open","ping_status":"open","sticky":false,"template":"","format":"standard","meta":{"footnotes":""},"categories":[21],"tags":[],"class_list":["post-66413","post","type-post","status-publish","format-standard","hentry","category-cultura"],"_links":{"self":[{"href":"https:\/\/diariodominicano.com\/index.php?rest_route=\/wp\/v2\/posts\/66413","targetHints":{"allow":["GET"]}}],"collection":[{"href":"https:\/\/diariodominicano.com\/index.php?rest_route=\/wp\/v2\/posts"}],"about":[{"href":"https:\/\/diariodominicano.com\/index.php?rest_route=\/wp\/v2\/types\/post"}],"author":[{"embeddable":true,"href":"https:\/\/diariodominicano.com\/index.php?rest_route=\/wp\/v2\/users\/3"}],"replies":[{"embeddable":true,"href":"https:\/\/diariodominicano.com\/index.php?rest_route=%2Fwp%2Fv2%2Fcomments&post=66413"}],"version-history":[{"count":0,"href":"https:\/\/diariodominicano.com\/index.php?rest_route=\/wp\/v2\/posts\/66413\/revisions"}],"wp:attachment":[{"href":"https:\/\/diariodominicano.com\/index.php?rest_route=%2Fwp%2Fv2%2Fmedia&parent=66413"}],"wp:term":[{"taxonomy":"category","embeddable":true,"href":"https:\/\/diariodominicano.com\/index.php?rest_route=%2Fwp%2Fv2%2Fcategories&post=66413"},{"taxonomy":"post_tag","embeddable":true,"href":"https:\/\/diariodominicano.com\/index.php?rest_route=%2Fwp%2Fv2%2Ftags&post=66413"}],"curies":[{"name":"wp","href":"https:\/\/api.w.org\/{rel}","templated":true}]}}