{"id":66412,"date":"2012-01-25T15:37:29","date_gmt":"2012-01-25T15:37:29","guid":{"rendered":"http:\/\/diariodominicano.ddns.net\/?p=66412"},"modified":"2012-01-25T15:37:29","modified_gmt":"2012-01-25T15:37:29","slug":"exhiben-fotos-de-frida-kahlo-en-estados-unidos","status":"publish","type":"post","link":"https:\/\/diariodominicano.com\/?p=66412","title":{"rendered":"Exhiben fotos de Frida Kahlo en Estados Unidos"},"content":{"rendered":"<p><body><\/p>\n<p><span class=\"text1noticias\">Arlington, Virginia. &#8211; Cientos de fotograf\u00edas realizadas por la artista mexicana Frida Kahlo y que quedaron bajo sello despu\u00e9s de su muerte ser\u00e1n exhibidas por primera vez en Estados Unidos el mes pr\u00f3ximo en el centro Artisphere de Arlington, Virginia.<\/span><\/p>\n<\/p>\n<p><span class=\"text1noticias\">Artisphere anunciar\u00e1 en las pr\u00f3ximas horas su exhibici\u00f3n \u00abFrida Kahlo: Sus fotos\u00bb, que incluye m\u00e1s de 250 retratos de su colecci\u00f3n personal. Fueron guardadas en 1954 cuando muri\u00f3 Kahlo junto con objetos de su esposo Diego Rivera.<\/span><\/p>\n<\/p>\n<p><span class=\"text1noticias\">La exhibici\u00f3n estar\u00e1 abierta al p\u00fablico a partir del 23 de febrero y ser\u00e1 la m\u00e1s grande que realiza Artisphere desde su inauguraci\u00f3n en 2010.<\/span><\/p>\n<\/p>\n<p><span class=\"text1noticias\">Artisphere obtuvo esta singular exhibici\u00f3n porque Kahlo vivi\u00f3 durante toda su vida en Coyoac\u00e1n, declarada ciudad hermana de Arlington. Coyoac\u00e1n es un distrito de la ciudad de M\u00e9xico<\/span>.<\/p>\n<h6> 2012-01-25 15:37:29 <\/h6>\n<p><!--\n<link rel=\"stylesheet\" href=\"css\/bootstrap.min.css\">\n\n\n<ul class=\"pagination\">\n\t    \n\t\n\n<li >\n\t<a href='?page_no=18089'>Previous<\/a>\n\t<\/li>\n\n\n       \n    \n\n<li><a href='?page_no=1'>1<\/a><\/li>\n\n\n\n<li><a href='?page_no=2'>2<\/a><\/li>\n\n\n\n<li><a>...<\/a><\/li>\n\n\n\n<li><a href='?page_no=18088'>18088<\/a><\/li>\n\n\n\n<li><a href='?page_no=18089'>18089<\/a><\/li>\n\n\n\n<li class='active'><a>18090<\/a><\/li>\n\n\n\n<li><a href='?page_no=18091'>18091<\/a><\/li>\n\n\n\n<li><a href='?page_no=18092'>18092<\/a><\/li>\n\n\n\n<li><a>...<\/a><\/li>\n\n\n\n<li><a href='?page_no=22911'>22911<\/a><\/li>\n\n\n\n<li><a href='?page_no=22912'>22912<\/a><\/li>\n\n    \n\t\n\n<li >\n\t<a href='?page_no=18091'>Next<\/a>\n\t<\/li>\n\n\n    \n\n<li><a href='?page_no=22912'>Last &rsaquo;&rsaquo;<\/a><\/li>\n\n<\/ul>\n\n\n--><br \/>\n<\/body><\/p>\n","protected":false},"excerpt":{"rendered":"<p>Arlington, Virginia. &#8211; Cientos de fotograf\u00edas realizadas por la artista mexicana Frida Kahlo y que quedaron bajo sello despu\u00e9s de su muerte ser\u00e1n exhibidas por primera vez en Estados Unidos el mes pr\u00f3ximo en el centro Artisphere de Arlington, Virginia. Artisphere anunciar\u00e1 en las pr\u00f3ximas horas su exhibici\u00f3n \u00abFrida Kahlo: Sus fotos\u00bb, que incluye m\u00e1s [&hellip;]<\/p>\n","protected":false},"author":3,"featured_media":0,"comment_status":"open","ping_status":"open","sticky":false,"template":"","format":"standard","meta":{"footnotes":""},"categories":[21],"tags":[],"class_list":["post-66412","post","type-post","status-publish","format-standard","hentry","category-cultura"],"_links":{"self":[{"href":"https:\/\/diariodominicano.com\/index.php?rest_route=\/wp\/v2\/posts\/66412","targetHints":{"allow":["GET"]}}],"collection":[{"href":"https:\/\/diariodominicano.com\/index.php?rest_route=\/wp\/v2\/posts"}],"about":[{"href":"https:\/\/diariodominicano.com\/index.php?rest_route=\/wp\/v2\/types\/post"}],"author":[{"embeddable":true,"href":"https:\/\/diariodominicano.com\/index.php?rest_route=\/wp\/v2\/users\/3"}],"replies":[{"embeddable":true,"href":"https:\/\/diariodominicano.com\/index.php?rest_route=%2Fwp%2Fv2%2Fcomments&post=66412"}],"version-history":[{"count":0,"href":"https:\/\/diariodominicano.com\/index.php?rest_route=\/wp\/v2\/posts\/66412\/revisions"}],"wp:attachment":[{"href":"https:\/\/diariodominicano.com\/index.php?rest_route=%2Fwp%2Fv2%2Fmedia&parent=66412"}],"wp:term":[{"taxonomy":"category","embeddable":true,"href":"https:\/\/diariodominicano.com\/index.php?rest_route=%2Fwp%2Fv2%2Fcategories&post=66412"},{"taxonomy":"post_tag","embeddable":true,"href":"https:\/\/diariodominicano.com\/index.php?rest_route=%2Fwp%2Fv2%2Ftags&post=66412"}],"curies":[{"name":"wp","href":"https:\/\/api.w.org\/{rel}","templated":true}]}}