{"id":66411,"date":"2012-01-25T15:39:13","date_gmt":"2012-01-25T15:39:13","guid":{"rendered":"http:\/\/diariodominicano.ddns.net\/?p=66411"},"modified":"2012-01-25T15:39:13","modified_gmt":"2012-01-25T15:39:13","slug":"fallece-en-accidente-el-realizador-griego-theo-angelopulos","status":"publish","type":"post","link":"https:\/\/diariodominicano.com\/?p=66411","title":{"rendered":"Fallece en accidente el realizador griego Theo Angelopulos"},"content":{"rendered":"<p><body><\/p>\n<p><img decoding=\"async\" src=\"img3\/direct cine griegos Theodoros Angelopulos.jpg\" \/>  <\/p>\n<p><span class=\"text1noticias\">Atenas, 25 ene (PL).-  Grecia despert\u00f3 hoy de luto al conocer la accidental muerte del emblem\u00e1tico, y probablemente m\u00e1s famoso de los directores de cine griegos, Theodoros Angelopulos, a la edad de 76 a\u00f1os.<\/span><\/p>\n<\/p>\n<p><span class=\"text1noticias\">El realizador falleci\u00f3 la pasada noche en un hospital de Atenas, a consecuencia de una grave fractura craneal y m\u00faltiples heridas por todo el cuerpo ocasionadas tras ser arrollado por una motocicleta en una de las autopistas regionales de acceso a la capital.<\/span><\/p>\n<\/p>\n<p><span class=\"text1noticias\">El suceso ocurri\u00f3 mientras se llevaba a cabo la filmaci\u00f3n de una secuencia de su \u00faltimo largometraje, \u00abEl otro mar\u00bb, que abordaba desde la \u00f3ptica del ciudadano com\u00fan el impacto de la crisis en el pa\u00eds.<\/span><\/p>\n<\/p>\n<p><span class=\"text1noticias\">En declaraciones al canal local Skai TV, el ministro de Cultura, Pavlos Gerulanos, lament\u00f3 la muerte del llamado \u00abpoeta del cine\u00bb y a\u00f1adi\u00f3 que su muerte \u00abes una gran p\u00e9rdida\u00bb para todos los griegos \u00abque le debemos un rotundo gracias\u00bb.<\/span><\/p>\n<\/p>\n<p><span class=\"text1noticias\">En este caso el t\u00e9rmino \u00abinsustituible\u00bb es perfectamente aplicable, se\u00f1al\u00f3 Gerulanos. Ganador de numerosos premios a lo largo de sus cuatro d\u00e9cadas de carrera art\u00edstica, Angelopulos fue el iniciador del denominado \u00abnuevo cine\u00bb griego a partir de la d\u00e9cada de 1970, y desarroll\u00f3 un estilo marcado por la narraci\u00f3n lenta y caracterizada por tomas muy largas.<\/span><\/p>\n<\/p>\n<p><span class=\"text1noticias\">Aunque laboralmente se inici\u00f3 como cr\u00edtico de cine en 1964, no fue hasta cuatro a\u00f1os despu\u00e9s que se involucr\u00f3 en el rodaje de pel\u00edculas llegando a ganar el premio de la cr\u00edtica en el Festival Internacional de Cine de Tesal\u00f3nica.<\/span><\/p>\n<\/p>\n<p><span class=\"text1noticias\">El galard\u00f3n vino seguido de una serie de pel\u00edculas de contenido pol\u00edtico acerca de Grecia, en momentos en que \u00e9sta sufr\u00eda una dictadura, trabajos que igualmente fueron destacados en concursos internacionales tanto por los jurados como por el p\u00fablico.<\/span><\/p>\n<\/p>\n<p><span class=\"text1noticias\">Considerado por algunos cr\u00edticos de cine como uno de los mejores directores del mundo, Angelopulos consigui\u00f3 a lo largo de su carrera prestigiosos reconocimientos como el Gran Premio del Jurado de Cannes (1995) por \u00abLa mirada de Ulises\u00bb, o la Palma de Oro en el mismo festival (1998) por \u00abLa eternidad y un d\u00eda\u00bb.<\/span><\/p>\n<\/p>\n<p><span class=\"text1noticias\">El realizador dirigi\u00f3 quince pel\u00edculas, que recogen la historia y la sociedad contempor\u00e1nea de su pa\u00eds, y hab\u00eda comenzado a principios de este mes el rodaje de su \u00faltima cinta<\/span>.<\/p>\n<h6> 2012-01-25 15:39:13 <\/h6>\n<p><!--\n<link rel=\"stylesheet\" href=\"css\/bootstrap.min.css\">\n\n\n<ul class=\"pagination\">\n\t    \n\t\n\n<li >\n\t<a href='?page_no=18088'>Previous<\/a>\n\t<\/li>\n\n\n       \n    \n\n<li><a href='?page_no=1'>1<\/a><\/li>\n\n\n\n<li><a href='?page_no=2'>2<\/a><\/li>\n\n\n\n<li><a>...<\/a><\/li>\n\n\n\n<li><a href='?page_no=18087'>18087<\/a><\/li>\n\n\n\n<li><a href='?page_no=18088'>18088<\/a><\/li>\n\n\n\n<li class='active'><a>18089<\/a><\/li>\n\n\n\n<li><a href='?page_no=18090'>18090<\/a><\/li>\n\n\n\n<li><a href='?page_no=18091'>18091<\/a><\/li>\n\n\n\n<li><a>...<\/a><\/li>\n\n\n\n<li><a href='?page_no=22911'>22911<\/a><\/li>\n\n\n\n<li><a href='?page_no=22912'>22912<\/a><\/li>\n\n    \n\t\n\n<li >\n\t<a href='?page_no=18090'>Next<\/a>\n\t<\/li>\n\n\n    \n\n<li><a href='?page_no=22912'>Last &rsaquo;&rsaquo;<\/a><\/li>\n\n<\/ul>\n\n\n--><br \/>\n<\/body><\/p>\n","protected":false},"excerpt":{"rendered":"<p>Atenas, 25 ene (PL).- Grecia despert\u00f3 hoy de luto al conocer la accidental muerte del emblem\u00e1tico, y probablemente m\u00e1s famoso de los directores de cine griegos, Theodoros Angelopulos, a la edad de 76 a\u00f1os. El realizador falleci\u00f3 la pasada noche en un hospital de Atenas, a consecuencia de una grave fractura craneal y m\u00faltiples heridas [&hellip;]<\/p>\n","protected":false},"author":3,"featured_media":0,"comment_status":"open","ping_status":"open","sticky":false,"template":"","format":"standard","meta":{"footnotes":""},"categories":[21],"tags":[],"class_list":["post-66411","post","type-post","status-publish","format-standard","hentry","category-cultura"],"_links":{"self":[{"href":"https:\/\/diariodominicano.com\/index.php?rest_route=\/wp\/v2\/posts\/66411","targetHints":{"allow":["GET"]}}],"collection":[{"href":"https:\/\/diariodominicano.com\/index.php?rest_route=\/wp\/v2\/posts"}],"about":[{"href":"https:\/\/diariodominicano.com\/index.php?rest_route=\/wp\/v2\/types\/post"}],"author":[{"embeddable":true,"href":"https:\/\/diariodominicano.com\/index.php?rest_route=\/wp\/v2\/users\/3"}],"replies":[{"embeddable":true,"href":"https:\/\/diariodominicano.com\/index.php?rest_route=%2Fwp%2Fv2%2Fcomments&post=66411"}],"version-history":[{"count":0,"href":"https:\/\/diariodominicano.com\/index.php?rest_route=\/wp\/v2\/posts\/66411\/revisions"}],"wp:attachment":[{"href":"https:\/\/diariodominicano.com\/index.php?rest_route=%2Fwp%2Fv2%2Fmedia&parent=66411"}],"wp:term":[{"taxonomy":"category","embeddable":true,"href":"https:\/\/diariodominicano.com\/index.php?rest_route=%2Fwp%2Fv2%2Fcategories&post=66411"},{"taxonomy":"post_tag","embeddable":true,"href":"https:\/\/diariodominicano.com\/index.php?rest_route=%2Fwp%2Fv2%2Ftags&post=66411"}],"curies":[{"name":"wp","href":"https:\/\/api.w.org\/{rel}","templated":true}]}}