{"id":66410,"date":"2012-01-25T15:58:10","date_gmt":"2012-01-25T15:58:10","guid":{"rendered":"http:\/\/diariodominicano.ddns.net\/?p=66410"},"modified":"2012-01-25T15:58:10","modified_gmt":"2012-01-25T15:58:10","slug":"conmemoraran-independencia-dominicana-en-nueva-york-con-el-evento-viva-la-patria","status":"publish","type":"post","link":"https:\/\/diariodominicano.com\/?p=66410","title":{"rendered":"Conmemorar\u00e1n Independencia Dominicana en Nueva York con el evento \u00abViva La Patria\u00bb"},"content":{"rendered":"<p><body><\/p>\n<p><span class=\"text1noticias\">Nueva York, 25 enero.- Avanzan los preparativos para el gran evento cultural \u00abViva La Patria\u00bb que conmemora el 168 aniversario de la Independencia Nacional, y que tiene como objetivo afianzar la identidad de los dominicanos residentes en la regi\u00f3n noreste de los Estados Unidos.<\/span><\/p>\n<\/p>\n<p><span class=\"text1noticias\">El evento tendr\u00e1 lugar el lunes 27 de febrero, a partir de las 7 de la noche, en los salones de 809 Lounge &amp; Theatre, localizados en el 112west Dyckman Street, en esta ciudad de Nueva York.<\/span><\/p>\n<\/p>\n<p><span class=\"text1noticias\">Los organizadores anunciaron que en el marco del tradicional evento habr\u00e1 m\u00fasica, bailes folkl\u00f3ricos y reconocimientos a numerosas personalidades que han contribuido con el desarrollo cultural, social, pol\u00edtico y econ\u00f3mico tanto de la Rep\u00fablica Dominicana como de sus ciudadanos en el extranjero.<\/span><\/p>\n<\/p>\n<p><span class=\"text1noticias\">El orador principal de la noche lo ser\u00e1 Adriano Espaillat, senador estatal por el Distrito 31, mientras que el c\u00f3nsul dominicano M\u00e1ximo Corcino ofrecer\u00e1 las palabras de bienvenida a los asistentes.<\/span><\/p>\n<\/p>\n<p><span class=\"text1noticias\">Los pastores Salvador y Kenia Sabino, del Ministerio Heavenly Visi\u00f3n, tendr\u00e1n a su cargo la bendici\u00f3n de la noche y de los alimentos.<\/span><\/p>\n<p><span class=\"text1noticias\">La joven artista dominicana Sol Koral interpretar\u00e1 el Himno Nacional Dominicano.<\/span><\/p>\n<\/p>\n<p><span class=\"text1noticias\">Durante la actividad patri\u00f3tica los artistas Fernando Villalona, Rubby P\u00e9rez y Mayury Reyna recibir\u00e1n sendos reconocimientos por parte del Congreso de los Estados Unidos, que los acreditar\u00e1 como embajadores musicales dominicanos en sus respectivos estilos y g\u00e9neros.<\/span><\/p>\n<\/p>\n<p><span class=\"text1noticias\">Elaine Huitt, Directora del Dyckman Job Center, recibir\u00e1 una placa de reconocimiento por el respaldo que viene brindando a la comunidad dominicana del Alto Manhattan, atrav\u00e9s del departamento de Welfare.<\/span><\/p>\n<\/p>\n<p><span class=\"text1noticias\">Adem\u00e1s, en esta nueva edici\u00f3n de \u00abViva La Patria\u00bb, de lo Dominicano lo Mejor, el congresista Charles Rangel (D-NY) ser\u00e1 objeto de un merecido reconocimiento por su trayectoria de m\u00e1s de 40 a\u00f1os en el Congreso de los Estados Unidos, y por su notable contribuci\u00f3n al desarrollo de la comunidad.<\/span><\/p>\n<\/p>\n<p><span class=\"text1noticias\">Entre las personalidades invitadas al evento figuran los concejales dominicanos Wilson Terrero (D-Yonkers), Ydanis Rodr\u00edguez (D-NY), Fernando Cabrera (D-Bronx), Diana Reyna (D-Brooklyn) y Julissa Ferrera (D-Queens); los asamble\u00edstas Nelson Castro (D-Bronx) y Guillermo Linares (D-NY); el senador estatal y reverendo Rub\u00e9n D\u00edaz Sr. (D-Bronx), el presidente del condado de Manhattan, Scott Stringer; el candidato a diputado Juan Pascual, y el dirigente dem\u00f3crata Carlos Sierra.<\/span><\/p>\n<\/p>\n<p><span class=\"text1noticias\">Igualmente el presidente de Radio Visi\u00f3n Cristiana, H\u00e9ctor A Chiesa; el adorador Jos\u00e9 Luis El Chino, la empresa MyTicketsPremium.com, y los empresarios Ricardo Garc\u00eda, Cirilo Moronta, Carmen Paulilno, Miguel Montas y Chelo Ram\u00edrez.<\/span><\/p>\n<\/p>\n<p><span class=\"text1noticias\">Otros invitados especiales son Henry Garrido, Director Ejecutivo de la Union DC37; S\u00f3crates Nolasco, asistente especial del congresista Charles Rangel; el presidente de Federaci\u00f3n Nacional de Taxistas, Fernando Mateo; Leomar Cruz, Director Ejecutivo de IDI, y el candidato a diputado Alfredo Rodr\u00edguez (PLD).<\/span><\/p>\n<\/p>\n<p><span class=\"text1noticias\">El Comit\u00e9 Organizador de \u00abViva La Patria\u00bb est\u00e1 presidido por F\u00e9lix Jerez, e integrado por Frank Spies, Donaida Santana, Mar\u00eda D\u00edaz, Karla D\u00edaz y Silvia Smith<\/span>.<\/p>\n<h6> 2012-01-25 15:58:10 <\/h6>\n<p><!--\n<link rel=\"stylesheet\" href=\"css\/bootstrap.min.css\">\n\n\n<ul class=\"pagination\">\n\t    \n\t\n\n<li >\n\t<a href='?page_no=18087'>Previous<\/a>\n\t<\/li>\n\n\n       \n    \n\n<li><a href='?page_no=1'>1<\/a><\/li>\n\n\n\n<li><a href='?page_no=2'>2<\/a><\/li>\n\n\n\n<li><a>...<\/a><\/li>\n\n\n\n<li><a href='?page_no=18086'>18086<\/a><\/li>\n\n\n\n<li><a href='?page_no=18087'>18087<\/a><\/li>\n\n\n\n<li class='active'><a>18088<\/a><\/li>\n\n\n\n<li><a href='?page_no=18089'>18089<\/a><\/li>\n\n\n\n<li><a href='?page_no=18090'>18090<\/a><\/li>\n\n\n\n<li><a>...<\/a><\/li>\n\n\n\n<li><a href='?page_no=22911'>22911<\/a><\/li>\n\n\n\n<li><a href='?page_no=22912'>22912<\/a><\/li>\n\n    \n\t\n\n<li >\n\t<a href='?page_no=18089'>Next<\/a>\n\t<\/li>\n\n\n    \n\n<li><a href='?page_no=22912'>Last &rsaquo;&rsaquo;<\/a><\/li>\n\n<\/ul>\n\n\n--><br \/>\n<\/body><\/p>\n","protected":false},"excerpt":{"rendered":"<p>Nueva York, 25 enero.- Avanzan los preparativos para el gran evento cultural \u00abViva La Patria\u00bb que conmemora el 168 aniversario de la Independencia Nacional, y que tiene como objetivo afianzar la identidad de los dominicanos residentes en la regi\u00f3n noreste de los Estados Unidos. El evento tendr\u00e1 lugar el lunes 27 de febrero, a partir [&hellip;]<\/p>\n","protected":false},"author":3,"featured_media":0,"comment_status":"open","ping_status":"open","sticky":false,"template":"","format":"standard","meta":{"footnotes":""},"categories":[21],"tags":[],"class_list":["post-66410","post","type-post","status-publish","format-standard","hentry","category-cultura"],"_links":{"self":[{"href":"https:\/\/diariodominicano.com\/index.php?rest_route=\/wp\/v2\/posts\/66410","targetHints":{"allow":["GET"]}}],"collection":[{"href":"https:\/\/diariodominicano.com\/index.php?rest_route=\/wp\/v2\/posts"}],"about":[{"href":"https:\/\/diariodominicano.com\/index.php?rest_route=\/wp\/v2\/types\/post"}],"author":[{"embeddable":true,"href":"https:\/\/diariodominicano.com\/index.php?rest_route=\/wp\/v2\/users\/3"}],"replies":[{"embeddable":true,"href":"https:\/\/diariodominicano.com\/index.php?rest_route=%2Fwp%2Fv2%2Fcomments&post=66410"}],"version-history":[{"count":0,"href":"https:\/\/diariodominicano.com\/index.php?rest_route=\/wp\/v2\/posts\/66410\/revisions"}],"wp:attachment":[{"href":"https:\/\/diariodominicano.com\/index.php?rest_route=%2Fwp%2Fv2%2Fmedia&parent=66410"}],"wp:term":[{"taxonomy":"category","embeddable":true,"href":"https:\/\/diariodominicano.com\/index.php?rest_route=%2Fwp%2Fv2%2Fcategories&post=66410"},{"taxonomy":"post_tag","embeddable":true,"href":"https:\/\/diariodominicano.com\/index.php?rest_route=%2Fwp%2Fv2%2Ftags&post=66410"}],"curies":[{"name":"wp","href":"https:\/\/api.w.org\/{rel}","templated":true}]}}