{"id":66408,"date":"2012-01-25T20:25:47","date_gmt":"2012-01-25T20:25:47","guid":{"rendered":"http:\/\/diariodominicano.ddns.net\/?p=66408"},"modified":"2012-01-25T20:25:47","modified_gmt":"2012-01-25T20:25:47","slug":"vi-festival-internacional-de-jazz-de-puerto-principe-2012","status":"publish","type":"post","link":"https:\/\/diariodominicano.com\/?p=66408","title":{"rendered":"VI Festival Internacional de jazz de Puerto Pr\u00edncipe 2012"},"content":{"rendered":"<p><body><\/p>\n<p><img decoding=\"async\" src=\"img3\/jazz en haiti.jpg\" \/>  <\/p>\n<p><span class=\"text1noticias\">Puerto Pr\u00edncipe, Hait\u00ed, 25 Ene 2012,.-La Fundaci\u00f3n HAIT\u00cd JAZZ con el Patrocinio del Ministerio de Cultura y de la Comunicaci\u00f3n de Hait\u00ed, inaugur\u00f3 el FESTIVAL INTERNATIONAL DE PORT-AU-PRINCE (Festival Internacional De Jazz De Puerto Pr\u00edncipe) en su sexta edici\u00f3n organizando giras en las ciudades de provincias en este pa\u00eds.<\/span><\/p>\n<\/p>\n<p><span class=\"text1noticias\">El Festival se desarrollar\u00e1 en los municipios de la regi\u00f3n metropolitana, tales como Puerto-Pr\u00edncipe, P\u00e9tion Ville, Delmas y Tabarre, el principal organizador del acontecimiento, Jo\u00ebl Widmaier, plante\u00f3 el esfuerzo de los organizadores de descentralizar el evento, haciendo \u00e9nfasis sobre la necesidad de hacer la promoci\u00f3n del jazz en las ciudades de provincias. <\/span><\/p>\n<\/p>\n<p><span class=\"text1noticias\">Por primera vez, el festival incluye un evento fuera de la capital, siendo el concierto inaugural en Les Cayes con los muy reconocidos m\u00fasicos Claude Carr\u00e9 y Th\u00e9odat Thurgot.<\/span><\/p>\n<\/p>\n<p><span class=\"text1noticias\"> Durante 8 d\u00edas, Port-au-Prince cambia al ritmo del jazz, el festival ira los sitios m\u00e1s destacados en la capital, la ca\u00f1a de az\u00facar hist\u00f3rica del parque con sus jardines y vestigios de la \u00e9poca colonial, en los jardines de la Karibe Hotel, el prestigioso Centro Cultural Fokal, situado en el coraz\u00f3n de Port-au-Prince, y jam sessions en los restaurantes m\u00e1s atractivos de Petion-Ville, zona de vida nocturna de la capital.<\/span><\/p>\n<\/p>\n<p><span class=\"text1noticias\">M\u00fasicos de 10 pa\u00edses, incluyendo Rep\u00fablica Dominicana, se presentar\u00e1n en esta sexta edici\u00f3n del Festival Internacional de Puerto-Prince. Estados Unidos, Francia, Brasil, M\u00e9xico, Chile, Alemania, Espa\u00f1a, Suiza, Canad\u00e1, Hait\u00ed, y por supuesto su la di\u00e1spora, se dar\u00e1n cita en este evento de la m\u00fasica.<\/span><\/p>\n<\/p>\n<p><span class=\"text1noticias\">Durante una semana m\u00e1s de 20 grupos realizar\u00e1n presentaciones incluidas varios conciertos gratuitos in situ, incluyendo los tradicionales talleres gratuitos a j\u00f3venes m\u00fasicos locales a trav\u00e9s de la participaci\u00f3n de artistas invitados, talleres musicales sobre diversos temas que se realizar\u00e1n en Fokal (Centro Cultural). El Ministerio de Cultura y las representaciones diplom\u00e1ticas de varios pa\u00edses como Alemania, Francia, los Estados Unidos, Brasil, Espa\u00f1a y Canad\u00e1 prestan apoyo al festival internacional de jazz de Puerto Pr\u00edncipe.<\/span><\/p>\n<\/p>\n<p><span class=\"text1noticias\">El Grupo de Jazz Dominicano RAFELITO MIRABAL &amp; SISTEMA TEMPERADO, estar\u00e1 representando a Rep\u00fablica Dominicana en el VI FESTIVAL INTERNACIONAL DE JAZZ DE PUERTO PRINCIPE con dos actuaciones, la primera el lunes 23 en el Centro Cultural Fokal junto al grupo brasile\u00f1o \u00abBatuke Samba Funk\u00bb y la otra el mi\u00e9rcoles 25 en la sala \u00abQuartier Latin\u00bb, en un encuentro por la esperanza y la confraternidad.<\/span><\/p>\n<\/p>\n<p><strong><em><u><span class=\"text1noticias\">RAFELITO MIRABAL &amp; SISTEMA TEMPERADO <\/span><\/u><\/em><\/strong><\/p>\n<p><span class=\"text1noticias\">         <\/span><\/p>\n<p><span class=\"text1noticias\">RAFELITO MIRABAL &amp; SISTEMA TEMPERADO es un grupo que cumple este a\u00f1o 25 a\u00f1os de formado, ha participado en los m\u00e1s importantes Festivales de Jazz dominicanos y ha representado a nuestro pa\u00eds en Canad\u00e1 1989, Alemania 2000, Guyana 2008, Italia 2010 y Bruselas 2011.<\/span><\/p>\n<\/p>\n<p><span class=\"text1noticias\"> La m\u00fasica de SISTEMA TEMPERADO es una mezcla de nuestros ritmos como merengue, pambiche, bachata, gaga, merengue t\u00edpico, pri-pri y otros con instrumentos y armon\u00edas de jazz. Todas las composiciones y arreglos son de su director el tecladista RAFELITO MIRABAL. En esta ocasi\u00f3n estar\u00e1n participando con SISTEMA TEMPERADOlos excelentes m\u00fasicos: EDGAR MOLINA y CUK\u00cdN CURIEL en la percusi\u00f3n, DIONISIO DE MOYA en la guitarra,CARLITO ESTRADA en el saxo, ABEL GONZ\u00c1LEZ en el bajo y OTONIEL VARGAS en la bater\u00eda.<\/span><\/p>\n<\/p>\n<p><span class=\"text1noticias\">El Festival contar\u00e1 con 20 artistas de distintas partes del mundo actuando en cinco lugares diferentes en Port-au-Prince. CLICK AQUI PARA VER PROGRAMACION. Pueden accesar a informaciones en la p\u00e1gina del Festival -www.papjazzhaiti.org<\/span><\/p>\n<\/p>\n<p><span class=\"text1noticias\">Las agrupaciones participantes son: Claude Carr\u00e9 (Hait\u00ed), Thurgot Th\u00e9odat (Hait\u00ed), Angelina Niescier(Alemania), Kelly Lee Evans (Canad\u00e1), Kephny (Hait\u00ed), Rubem Dantas Group (Espa\u00f1a), Batuke Samba Funk(Brasil), X-Key (Hait\u00ed), RAFELITO MIRABAL &amp; SISTEMA TEMPERADO (Rep. Dominicana), Lord&#8217;s Power (Ha\u00efti),Hans Kennel (Suiza), La Marraqueta (Chile), Felina Backer (Ha\u00efti), Aguamala (M\u00e9xico), Jed Levy Quartet(USA), Miu (Hait\u00ed), Jonathan Jurion (Guadalupe), Chardavoine (Hait\u00ed), Jean Pierre Welmyr (Hait\u00ed), Jacques Shwartz-Bart et le Jazz Racine (Hait\u00ed).<\/span><\/p>\n<\/p>\n<h6> 2012-01-25 20:25:47 <\/h6>\n<p><!--\n<link rel=\"stylesheet\" href=\"css\/bootstrap.min.css\">\n\n\n<ul class=\"pagination\">\n\t    \n\t\n\n<li >\n\t<a href='?page_no=18085'>Previous<\/a>\n\t<\/li>\n\n\n       \n    \n\n<li><a href='?page_no=1'>1<\/a><\/li>\n\n\n\n<li><a href='?page_no=2'>2<\/a><\/li>\n\n\n\n<li><a>...<\/a><\/li>\n\n\n\n<li><a href='?page_no=18084'>18084<\/a><\/li>\n\n\n\n<li><a href='?page_no=18085'>18085<\/a><\/li>\n\n\n\n<li class='active'><a>18086<\/a><\/li>\n\n\n\n<li><a href='?page_no=18087'>18087<\/a><\/li>\n\n\n\n<li><a href='?page_no=18088'>18088<\/a><\/li>\n\n\n\n<li><a>...<\/a><\/li>\n\n\n\n<li><a href='?page_no=22911'>22911<\/a><\/li>\n\n\n\n<li><a href='?page_no=22912'>22912<\/a><\/li>\n\n    \n\t\n\n<li >\n\t<a href='?page_no=18087'>Next<\/a>\n\t<\/li>\n\n\n    \n\n<li><a href='?page_no=22912'>Last &rsaquo;&rsaquo;<\/a><\/li>\n\n<\/ul>\n\n\n--><br \/>\n<\/body><\/p>\n","protected":false},"excerpt":{"rendered":"<p>Puerto Pr\u00edncipe, Hait\u00ed, 25 Ene 2012,.-La Fundaci\u00f3n HAIT\u00cd JAZZ con el Patrocinio del Ministerio de Cultura y de la Comunicaci\u00f3n de Hait\u00ed, inaugur\u00f3 el FESTIVAL INTERNATIONAL DE PORT-AU-PRINCE (Festival Internacional De Jazz De Puerto Pr\u00edncipe) en su sexta edici\u00f3n organizando giras en las ciudades de provincias en este pa\u00eds. El Festival se desarrollar\u00e1 en los [&hellip;]<\/p>\n","protected":false},"author":3,"featured_media":0,"comment_status":"open","ping_status":"open","sticky":false,"template":"","format":"standard","meta":{"footnotes":""},"categories":[21],"tags":[],"class_list":["post-66408","post","type-post","status-publish","format-standard","hentry","category-cultura"],"_links":{"self":[{"href":"https:\/\/diariodominicano.com\/index.php?rest_route=\/wp\/v2\/posts\/66408","targetHints":{"allow":["GET"]}}],"collection":[{"href":"https:\/\/diariodominicano.com\/index.php?rest_route=\/wp\/v2\/posts"}],"about":[{"href":"https:\/\/diariodominicano.com\/index.php?rest_route=\/wp\/v2\/types\/post"}],"author":[{"embeddable":true,"href":"https:\/\/diariodominicano.com\/index.php?rest_route=\/wp\/v2\/users\/3"}],"replies":[{"embeddable":true,"href":"https:\/\/diariodominicano.com\/index.php?rest_route=%2Fwp%2Fv2%2Fcomments&post=66408"}],"version-history":[{"count":0,"href":"https:\/\/diariodominicano.com\/index.php?rest_route=\/wp\/v2\/posts\/66408\/revisions"}],"wp:attachment":[{"href":"https:\/\/diariodominicano.com\/index.php?rest_route=%2Fwp%2Fv2%2Fmedia&parent=66408"}],"wp:term":[{"taxonomy":"category","embeddable":true,"href":"https:\/\/diariodominicano.com\/index.php?rest_route=%2Fwp%2Fv2%2Fcategories&post=66408"},{"taxonomy":"post_tag","embeddable":true,"href":"https:\/\/diariodominicano.com\/index.php?rest_route=%2Fwp%2Fv2%2Ftags&post=66408"}],"curies":[{"name":"wp","href":"https:\/\/api.w.org\/{rel}","templated":true}]}}