{"id":66407,"date":"2012-01-25T21:20:32","date_gmt":"2012-01-25T21:20:32","guid":{"rendered":"http:\/\/diariodominicano.ddns.net\/?p=66407"},"modified":"2012-01-25T21:20:32","modified_gmt":"2012-01-25T21:20:32","slug":"cultura-ofrece-conferencia-sobre-marketing-e-identidad-cultural","status":"publish","type":"post","link":"https:\/\/diariodominicano.com\/?p=66407","title":{"rendered":"&#13;&#13;Cultura ofrece conferencia sobre \u00abMarketing e Identidad Cultural\u00bb"},"content":{"rendered":"<p><body><\/p>\n<p><img decoding=\"async\" src=\"img3\/CONFERENCIA.jpg\" \/>  <\/p>\n<p><span class=\"text1noticias\">SANTO DOMINGO, 25 Ene 2012.-El Viceministro de Desarrollo Institucional del Ministerio de Cultura (MINC), Mateo Morrison, dict\u00f3 una conferencia magistral en El Ateneo Dominicano, titulada \u00abEl Marketing y la Identidad Cultural ante los Retos del Siglo XXI\u00bb.<\/span><\/p>\n<\/p>\n<p><span class=\"text1noticias\">Junto a Morrison se hallaban, en la mesa de honor, Henry Mej\u00eda, Presidente de El Ateneo y Rosa Rodr\u00edguez, Directora de Formaci\u00f3n y Capacitaci\u00f3n  del MINC. <\/span><\/p>\n<\/p>\n<p><span class=\"text1noticias\">Morrison, en su exposici\u00f3n, declar\u00f3 que \u00abla cultura es el fundamento de nuestra sociedad. Por ello, debemos defender que la acci\u00f3n cultural marche apegada a la planificaci\u00f3n de la gesti\u00f3n cultural\u00bb.<\/span><\/p>\n<\/p>\n<p><span class=\"text1noticias\">Adem\u00e1s, resalt\u00f3 que como el desenvolvimiento hist\u00f3rico es un proceso, la gerencia tambi\u00e9n lo es,  porque arranca de una materia prima a la cual se le aplican unos medios de transformaci\u00f3n para obtener un producto determinado.<\/span><\/p>\n<\/p>\n<p><span class=\"text1noticias\">Asimismo, se refiri\u00f3 a la democracia y la democratizaci\u00f3n para indicar que la animaci\u00f3n est\u00e1 ligada a la democracia cultural y la difusi\u00f3n a la democratizaci\u00f3n de la cultura.<\/span><\/p>\n<\/p>\n<p><span class=\"text1noticias\">\u00abLa democracia cultural fomenta la creatividad y la potencialidad de los sujetos, por tanto est\u00e1 ligada a la animaci\u00f3n y a la democratizaci\u00f3n de la cultura, que hace de los sujetos espectadores y, por tanto, est\u00e1 ligada a la difusi\u00f3n\u00bb.<\/span><\/p>\n<\/p>\n<p><span class=\"text1noticias\">Otro de  los t\u00f3picos que abord\u00f3 fue las diferencias que existen entre la animaci\u00f3n y la difusi\u00f3n cultural, y en este sentido dijo que mientras la animaci\u00f3n es activa la difusi\u00f3n es un consumo cultural.<\/span><\/p>\n<p><span class=\"text1noticias\"> <\/span><\/p>\n<\/p>\n<h6> 2012-01-25 21:20:32 <\/h6>\n<p><!--\n<link rel=\"stylesheet\" href=\"css\/bootstrap.min.css\">\n\n\n<ul class=\"pagination\">\n\t    \n\t\n\n<li >\n\t<a href='?page_no=18084'>Previous<\/a>\n\t<\/li>\n\n\n       \n    \n\n<li><a href='?page_no=1'>1<\/a><\/li>\n\n\n\n<li><a href='?page_no=2'>2<\/a><\/li>\n\n\n\n<li><a>...<\/a><\/li>\n\n\n\n<li><a href='?page_no=18083'>18083<\/a><\/li>\n\n\n\n<li><a href='?page_no=18084'>18084<\/a><\/li>\n\n\n\n<li class='active'><a>18085<\/a><\/li>\n\n\n\n<li><a href='?page_no=18086'>18086<\/a><\/li>\n\n\n\n<li><a href='?page_no=18087'>18087<\/a><\/li>\n\n\n\n<li><a>...<\/a><\/li>\n\n\n\n<li><a href='?page_no=22911'>22911<\/a><\/li>\n\n\n\n<li><a href='?page_no=22912'>22912<\/a><\/li>\n\n    \n\t\n\n<li >\n\t<a href='?page_no=18086'>Next<\/a>\n\t<\/li>\n\n\n    \n\n<li><a href='?page_no=22912'>Last &rsaquo;&rsaquo;<\/a><\/li>\n\n<\/ul>\n\n\n--><br \/>\n<\/body><\/p>\n","protected":false},"excerpt":{"rendered":"<p>SANTO DOMINGO, 25 Ene 2012.-El Viceministro de Desarrollo Institucional del Ministerio de Cultura (MINC), Mateo Morrison, dict\u00f3 una conferencia magistral en El Ateneo Dominicano, titulada \u00abEl Marketing y la Identidad Cultural ante los Retos del Siglo XXI\u00bb. Junto a Morrison se hallaban, en la mesa de honor, Henry Mej\u00eda, Presidente de El Ateneo y Rosa [&hellip;]<\/p>\n","protected":false},"author":3,"featured_media":0,"comment_status":"open","ping_status":"open","sticky":false,"template":"","format":"standard","meta":{"footnotes":""},"categories":[21],"tags":[],"class_list":["post-66407","post","type-post","status-publish","format-standard","hentry","category-cultura"],"_links":{"self":[{"href":"https:\/\/diariodominicano.com\/index.php?rest_route=\/wp\/v2\/posts\/66407","targetHints":{"allow":["GET"]}}],"collection":[{"href":"https:\/\/diariodominicano.com\/index.php?rest_route=\/wp\/v2\/posts"}],"about":[{"href":"https:\/\/diariodominicano.com\/index.php?rest_route=\/wp\/v2\/types\/post"}],"author":[{"embeddable":true,"href":"https:\/\/diariodominicano.com\/index.php?rest_route=\/wp\/v2\/users\/3"}],"replies":[{"embeddable":true,"href":"https:\/\/diariodominicano.com\/index.php?rest_route=%2Fwp%2Fv2%2Fcomments&post=66407"}],"version-history":[{"count":0,"href":"https:\/\/diariodominicano.com\/index.php?rest_route=\/wp\/v2\/posts\/66407\/revisions"}],"wp:attachment":[{"href":"https:\/\/diariodominicano.com\/index.php?rest_route=%2Fwp%2Fv2%2Fmedia&parent=66407"}],"wp:term":[{"taxonomy":"category","embeddable":true,"href":"https:\/\/diariodominicano.com\/index.php?rest_route=%2Fwp%2Fv2%2Fcategories&post=66407"},{"taxonomy":"post_tag","embeddable":true,"href":"https:\/\/diariodominicano.com\/index.php?rest_route=%2Fwp%2Fv2%2Ftags&post=66407"}],"curies":[{"name":"wp","href":"https:\/\/api.w.org\/{rel}","templated":true}]}}