{"id":66406,"date":"2012-01-25T21:38:54","date_gmt":"2012-01-25T21:38:54","guid":{"rendered":"http:\/\/diariodominicano.ddns.net\/?p=66406"},"modified":"2012-01-25T21:38:54","modified_gmt":"2012-01-25T21:38:54","slug":"seis-horas-de-ofertas-increibles-en-noche-brava-del-libro","status":"publish","type":"post","link":"https:\/\/diariodominicano.com\/?p=66406","title":{"rendered":"&#13;Seis horas de ofertas incre\u00edbles en Noche Brava del Libro"},"content":{"rendered":"<p><body><\/p>\n<p><img decoding=\"async\" src=\"img3\/ventas de libros.JPG\" \/>  <\/p>\n<p><span class=\"text1noticias\">SANTO DOMINGO, 25 Ene 2012.-Esa noche, en la Librer\u00eda de Cultura, se podr\u00e1n adquirir a precios incre\u00edblemente bajos la Colecci\u00f3n Premios Nacional, Provincias, Obras Completas de Max Henr\u00edquez Ure\u00f1a, obra po\u00e9tica Completa de Manuel del Cabral, y Los cuentos completos de Arturo Rodr\u00edguez Fern\u00e1ndez, entre otros.<\/span><\/p>\n<\/p>\n<p><span class=\"text1noticias\">Con el inter\u00e9s de acercar al p\u00fablico a un espacio dedicado al libro y para dar formal inicio al Ciclo Preinaugural de la Feria Internacional del Libro Santo Domingo 2012, la Librer\u00eda de Cultura efectuar\u00e1 la \u00abNoche Brava del Libro\u00bb, en su sede de la calle Las Atarazanas n\u00famero 2, en la Ciudad Colonial. <\/span><\/p>\n<\/p>\n<p><span class=\"text1noticias\">La actividad est\u00e1 pautada para el lunes 30 de enero, desde las seis de la tarde hasta la medianoche, as\u00ed lo inform\u00f3 Valent\u00edn Amaro, Gerente de la Librer\u00eda. <\/span><\/p>\n<\/p>\n<p><span class=\"text1noticias\">Durante esa noche, se ofrecer\u00e1 a todos los asistentes ofertas \u00fanicas en libros, que van desde un 50%  hasta 70%, y combos de libros por cien pesos. <\/span><\/p>\n<\/p>\n<p><span class=\"text1noticias\">La conducci\u00f3n del evento ser\u00e1 realizada por el escritor y Director de la Feria Internacional del Libro, Alejandro Arvelo y Valent\u00edn Amaro.<\/span><\/p>\n<\/p>\n<p><span class=\"text1noticias\">Los poetas de la Fundaci\u00f3n Literaria An\u00edbal Monta\u00f1o y el Circulo Literario El Aleph dar\u00e1n inicio al encuentro. De inmediato, continuar\u00e1 la lectura de los periodistas y poetas Alfonso Qui\u00f1ones, Arg\u00e9nida Romero, Petra Savi\u00f1\u00f3n y Alexei Teller\u00edas.<\/span><\/p>\n<\/p>\n<p><span class=\"text1noticias\">Tambi\u00e9n participar\u00e1 el Ministro de Cultura, Jos\u00e9 Rafael Lantigua. Adem\u00e1s de \u00c1ngela Hern\u00e1ndez, Basilio Belliard, Plinio Chah\u00edn y Le\u00f3n F\u00e9lix Batista. <\/span><\/p>\n<\/p>\n<p><span class=\"text1noticias\">Otros poetas que estar\u00e1n presentes son: Rafael Peralta Romero, Rodolfo B\u00e1ez, Alejandro Aguilar, Nan Chevalier, Menoscal Reynoso, Lu\u00eds Toirac, Pablo Jorge Mustonen, Juan Freddy Armando, F\u00e9lix Villalona y Pablo Reyes. <\/span><\/p>\n<\/p>\n<p><span class=\"text1noticias\">Adem\u00e1s de los talleres literarios de San Crist\u00f3bal, Narradores de Santo Domingo y Festival de la Monta\u00f1a. <\/span><\/p>\n<\/p>\n<p><span class=\"text1noticias\">El espacio cultural tiene previsto desarrollar un interesante programa donde habr\u00e1 recital de poes\u00edas, presentaciones art\u00edsticas y un espacio de bar bohemio donde se estar\u00e1n ofreciendo brindis variados.<\/span><\/p>\n<\/p>\n<\/p>\n<\/p>\n<h6> 2012-01-25 21:38:54 <\/h6>\n<p><!--\n<link rel=\"stylesheet\" href=\"css\/bootstrap.min.css\">\n\n\n<ul class=\"pagination\">\n\t    \n\t\n\n<li >\n\t<a href='?page_no=18083'>Previous<\/a>\n\t<\/li>\n\n\n       \n    \n\n<li><a href='?page_no=1'>1<\/a><\/li>\n\n\n\n<li><a href='?page_no=2'>2<\/a><\/li>\n\n\n\n<li><a>...<\/a><\/li>\n\n\n\n<li><a href='?page_no=18082'>18082<\/a><\/li>\n\n\n\n<li><a href='?page_no=18083'>18083<\/a><\/li>\n\n\n\n<li class='active'><a>18084<\/a><\/li>\n\n\n\n<li><a href='?page_no=18085'>18085<\/a><\/li>\n\n\n\n<li><a href='?page_no=18086'>18086<\/a><\/li>\n\n\n\n<li><a>...<\/a><\/li>\n\n\n\n<li><a href='?page_no=22911'>22911<\/a><\/li>\n\n\n\n<li><a href='?page_no=22912'>22912<\/a><\/li>\n\n    \n\t\n\n<li >\n\t<a href='?page_no=18085'>Next<\/a>\n\t<\/li>\n\n\n    \n\n<li><a href='?page_no=22912'>Last &rsaquo;&rsaquo;<\/a><\/li>\n\n<\/ul>\n\n\n--><br \/>\n<\/body><\/p>\n","protected":false},"excerpt":{"rendered":"<p>SANTO DOMINGO, 25 Ene 2012.-Esa noche, en la Librer\u00eda de Cultura, se podr\u00e1n adquirir a precios incre\u00edblemente bajos la Colecci\u00f3n Premios Nacional, Provincias, Obras Completas de Max Henr\u00edquez Ure\u00f1a, obra po\u00e9tica Completa de Manuel del Cabral, y Los cuentos completos de Arturo Rodr\u00edguez Fern\u00e1ndez, entre otros. Con el inter\u00e9s de acercar al p\u00fablico a un [&hellip;]<\/p>\n","protected":false},"author":3,"featured_media":0,"comment_status":"open","ping_status":"open","sticky":false,"template":"","format":"standard","meta":{"footnotes":""},"categories":[21],"tags":[],"class_list":["post-66406","post","type-post","status-publish","format-standard","hentry","category-cultura"],"_links":{"self":[{"href":"https:\/\/diariodominicano.com\/index.php?rest_route=\/wp\/v2\/posts\/66406","targetHints":{"allow":["GET"]}}],"collection":[{"href":"https:\/\/diariodominicano.com\/index.php?rest_route=\/wp\/v2\/posts"}],"about":[{"href":"https:\/\/diariodominicano.com\/index.php?rest_route=\/wp\/v2\/types\/post"}],"author":[{"embeddable":true,"href":"https:\/\/diariodominicano.com\/index.php?rest_route=\/wp\/v2\/users\/3"}],"replies":[{"embeddable":true,"href":"https:\/\/diariodominicano.com\/index.php?rest_route=%2Fwp%2Fv2%2Fcomments&post=66406"}],"version-history":[{"count":0,"href":"https:\/\/diariodominicano.com\/index.php?rest_route=\/wp\/v2\/posts\/66406\/revisions"}],"wp:attachment":[{"href":"https:\/\/diariodominicano.com\/index.php?rest_route=%2Fwp%2Fv2%2Fmedia&parent=66406"}],"wp:term":[{"taxonomy":"category","embeddable":true,"href":"https:\/\/diariodominicano.com\/index.php?rest_route=%2Fwp%2Fv2%2Fcategories&post=66406"},{"taxonomy":"post_tag","embeddable":true,"href":"https:\/\/diariodominicano.com\/index.php?rest_route=%2Fwp%2Fv2%2Ftags&post=66406"}],"curies":[{"name":"wp","href":"https:\/\/api.w.org\/{rel}","templated":true}]}}