{"id":66405,"date":"2012-01-26T13:09:30","date_gmt":"2012-01-26T13:09:30","guid":{"rendered":"http:\/\/diariodominicano.ddns.net\/?p=66405"},"modified":"2012-01-26T13:09:30","modified_gmt":"2012-01-26T13:09:30","slug":"hoy-se-conmemora-dia-del-natalicio-de-juan-pablo-duarte","status":"publish","type":"post","link":"https:\/\/diariodominicano.com\/?p=66405","title":{"rendered":"Hoy se conmemora d\u00eda del natalicio de Juan Pablo Duarte"},"content":{"rendered":"<p><body><\/p>\n<p><span class=\"text1noticias\">Santo Domingo, RD 26 enero.- Estudiantes de escuelas y colegios expondr\u00e1n hoy sus pensamientos y criterios sobre Juan Pablo Duarte, adem\u00e1s de realizar otras actividades, con ocasi\u00f3n del 199 aniversario del nacimiento del h\u00e9roe independentista.<\/span><\/p>\n<\/p>\n<p><span class=\"text1noticias\">Iniciando con el calendario de actividades, estudiantes del liceo Estados Unidos de Am\u00e9rica de la capital, prepararon un mural donde hacen una rese\u00f1a completa de la vida y obra de Duarte.<\/span><\/p>\n<\/p>\n<p><span class=\"text1noticias\">Esta iniciativa ha sido coordinada por la maestra de Ciencias Sociales del centro educativo, pero en especial por los alumnos del primer, tercero y cuarto grado de media.<\/span><\/p>\n<\/p>\n<p><span class=\"text1noticias\">Este grupo est\u00e1 integrado por los bachilleres Mois\u00e9s Carrasco, Laura Castillo, Jeniseis Rosario, Vanessa Guzm\u00e1n, Chelsea Torres y Mayleen Burgos, quienes al conversar con LIST\u00cdN DIARIO, manifestaron su entusiasmo y el aprendizaje que han obtenido con este proyecto educativo. Entienden que la importancia de recordar la obra del Padre de la Patria radica en los valores que implant\u00f3, su sinceridad, honestidad y el inter\u00e9s persistente de tener un pa\u00eds libre e independiente.<\/span><\/p>\n<\/p>\n<p><span class=\"text1noticias\">\u00abPor medio a este mural he aprendido m\u00e1s sobre la anexi\u00f3n y la importancia que debemos darles a los s\u00edmbolos patrios\u00bb, expres\u00f3 la estudiante de cuarto grado de media, Jenika Herrera.<\/span><\/p>\n<\/p>\n<p><span class=\"text1noticias\">Dentro del conjunto de actos especiales que celebrar\u00e1n los estudiantes del liceo para honrar hoy a Duarte est\u00e1n cantar el Himno Duartiano, un an\u00e1lisis y reflexi\u00f3n del Juramento Trinitario, poes\u00edas a la patria y dramas aleg\u00f3ricos a la \u00e9poca independentista.<\/span><\/p>\n<\/p>\n<p><span class=\"text1noticias\">En tanto, el subdirector de la Escuela Rep\u00fablica de Chile, Jos\u00e9 Moa Alc\u00e1ntara, coment\u00f3 que los maestros de ese plantel estudiantil trabajan por cursos en la elaboraci\u00f3n de l\u00e1minas y carteles alusivos a Duarte.<\/span><\/p>\n<\/p>\n<p><span class=\"text1noticias\">Hombre valiente<\/span><\/p>\n<p><span class=\"text1noticias\">La estudiante de cuarto de media de ese centro de ense\u00f1anza, Ana Iris, dijo con timidez al preguntarle qui\u00e9n fue Juan Pablo Duarte, que \u00abfue la persona que salv\u00f3 nuestra patria\u00bb. Asimismo, sus peque\u00f1os compa\u00f1eros de curso, al mando de su maestra, Altagracia Delgadillo, indicaron que hoy se celebra el d\u00eda del nacimiento de Duarte y que fue un hombre valiente y h\u00e9roe nacional.<\/span><\/p>\n<\/p>\n<p><span class=\"text1noticias\">De su lado, los alumnos del Colegio Evang\u00e9lico Central tambi\u00e9n comunicaron las actividades que realizar\u00e1n para celebrar esta fecha patria.<\/span><\/p>\n<\/p>\n<p><span class=\"text1noticias\">Como tradici\u00f3n, expondr\u00e1n sobre la vida del fundador de la sociedad secreta La Trinitaria, exhibir\u00e1n un mural recreativo debidamente decorado, el cual contendr\u00e1 informaciones sobre Duarte, y dramatizar\u00e1n el memorable grito de la Independencia Nacional.<\/span><\/p>\n<\/p>\n<p><span class=\"text1noticias\">Estefy, estudiante de segundo grado de media de este colegio, comunic\u00f3 que a su entender Duarte fue un activista e ide\u00f3logo de la lucha contra los haitianos. De su lado, su compa\u00f1era de curso, Yoselia, dijo que este l\u00edder dominicano fund\u00f3 La Trinitaria para liberarnos del yugo de la invasi\u00f3n haitiana.<\/span><\/p>\n<\/p>\n<p><span class=\"text1noticias\">Para los bachilleres Shaqu\u00edn, Dayrenis y Joan es necesario recordar la trayectoria del patricio, por ser un ejemplo de lucha, por el sacrificio que realiz\u00f3 para defender lo que cre\u00eda justo y deb\u00eda ser, por los ideales que plante\u00f3, que ayudan a entender lo bueno y lo malo de la libertad, y por haber sido el precursor de la idea de lograr y forjar una Rep\u00fablica libre e independiente de toda dominaci\u00f3n extranjera.<\/span><\/p>\n<\/p>\n<p><span class=\"text1noticias\">Ayer en la ma\u00f1ana el Parque Independencia fue el escenario donde se iniciaron los actos festivos dedicados a Duarte. Abanderados desfilaron por las calles cercanas al parque y diversos centros educativos realizaron presentaciones art\u00edsticas.<\/span><\/p>\n<\/p>\n<p><span class=\"text1noticias\">En esta actividad particip\u00f3 el liceo de Educaci\u00f3n Media Estados Unidos de Am\u00e9rica, con un grupo de j\u00f3venes de cuarto grado, quienes representaron a la sociedad secreta La Trinitaria.<\/span><\/p>\n<\/p>\n<p><span class=\"text1noticias\">El bachiller representante de este grupo, Benjam\u00edn Escoto, manifest\u00f3 que en el pa\u00eds se viven e inculcan los valores y el amor a la patria, ya que en toda su vida de estudiante le han hablado siempre de Duarte en los planteles educativ<\/span>os. <\/p>\n<\/p>\n<h6> 2012-01-26 13:09:30 <\/h6>\n<p><!--\n<link rel=\"stylesheet\" href=\"css\/bootstrap.min.css\">\n\n\n<ul class=\"pagination\">\n\t    \n\t\n\n<li >\n\t<a href='?page_no=18082'>Previous<\/a>\n\t<\/li>\n\n\n       \n    \n\n<li><a href='?page_no=1'>1<\/a><\/li>\n\n\n\n<li><a href='?page_no=2'>2<\/a><\/li>\n\n\n\n<li><a>...<\/a><\/li>\n\n\n\n<li><a href='?page_no=18081'>18081<\/a><\/li>\n\n\n\n<li><a href='?page_no=18082'>18082<\/a><\/li>\n\n\n\n<li class='active'><a>18083<\/a><\/li>\n\n\n\n<li><a href='?page_no=18084'>18084<\/a><\/li>\n\n\n\n<li><a href='?page_no=18085'>18085<\/a><\/li>\n\n\n\n<li><a>...<\/a><\/li>\n\n\n\n<li><a href='?page_no=22911'>22911<\/a><\/li>\n\n\n\n<li><a href='?page_no=22912'>22912<\/a><\/li>\n\n    \n\t\n\n<li >\n\t<a href='?page_no=18084'>Next<\/a>\n\t<\/li>\n\n\n    \n\n<li><a href='?page_no=22912'>Last &rsaquo;&rsaquo;<\/a><\/li>\n\n<\/ul>\n\n\n--><br \/>\n<\/body><\/p>\n","protected":false},"excerpt":{"rendered":"<p>Santo Domingo, RD 26 enero.- Estudiantes de escuelas y colegios expondr\u00e1n hoy sus pensamientos y criterios sobre Juan Pablo Duarte, adem\u00e1s de realizar otras actividades, con ocasi\u00f3n del 199 aniversario del nacimiento del h\u00e9roe independentista. Iniciando con el calendario de actividades, estudiantes del liceo Estados Unidos de Am\u00e9rica de la capital, prepararon un mural donde [&hellip;]<\/p>\n","protected":false},"author":3,"featured_media":0,"comment_status":"open","ping_status":"open","sticky":false,"template":"","format":"standard","meta":{"footnotes":""},"categories":[21],"tags":[],"class_list":["post-66405","post","type-post","status-publish","format-standard","hentry","category-cultura"],"_links":{"self":[{"href":"https:\/\/diariodominicano.com\/index.php?rest_route=\/wp\/v2\/posts\/66405","targetHints":{"allow":["GET"]}}],"collection":[{"href":"https:\/\/diariodominicano.com\/index.php?rest_route=\/wp\/v2\/posts"}],"about":[{"href":"https:\/\/diariodominicano.com\/index.php?rest_route=\/wp\/v2\/types\/post"}],"author":[{"embeddable":true,"href":"https:\/\/diariodominicano.com\/index.php?rest_route=\/wp\/v2\/users\/3"}],"replies":[{"embeddable":true,"href":"https:\/\/diariodominicano.com\/index.php?rest_route=%2Fwp%2Fv2%2Fcomments&post=66405"}],"version-history":[{"count":0,"href":"https:\/\/diariodominicano.com\/index.php?rest_route=\/wp\/v2\/posts\/66405\/revisions"}],"wp:attachment":[{"href":"https:\/\/diariodominicano.com\/index.php?rest_route=%2Fwp%2Fv2%2Fmedia&parent=66405"}],"wp:term":[{"taxonomy":"category","embeddable":true,"href":"https:\/\/diariodominicano.com\/index.php?rest_route=%2Fwp%2Fv2%2Fcategories&post=66405"},{"taxonomy":"post_tag","embeddable":true,"href":"https:\/\/diariodominicano.com\/index.php?rest_route=%2Fwp%2Fv2%2Ftags&post=66405"}],"curies":[{"name":"wp","href":"https:\/\/api.w.org\/{rel}","templated":true}]}}