{"id":66404,"date":"2012-01-26T14:37:34","date_gmt":"2012-01-26T14:37:34","guid":{"rendered":"http:\/\/diariodominicano.ddns.net\/?p=66404"},"modified":"2012-01-26T14:37:34","modified_gmt":"2012-01-26T14:37:34","slug":"presentan-en-caracas-el-libro-venezuela-y-bolivar-en-jose-marti","status":"publish","type":"post","link":"https:\/\/diariodominicano.com\/?p=66404","title":{"rendered":"Presentan en Caracas el libro Venezuela y Bol\u00edvar en Jos\u00e9 Mart\u00ed"},"content":{"rendered":"<p><body><\/p>\n<p><img decoding=\"async\" src=\"img3\/Jose Marti 1.jpg\" \/>  <\/p>\n<p><span class=\"text1noticias\">Caracas, 26 ene (PL).-  El libro Venezuela y Bol\u00edvar en Jos\u00e9 Mart\u00ed ser\u00e1 presentado hoy en esta capital, como parte de las actividades para conmemorar la semana de la cultura cubana en esta naci\u00f3n.<\/span><\/p>\n<\/p>\n<p><span class=\"text1noticias\">La obra del historiador cubano Salvador Morales ser\u00e1 mostrada al p\u00fablico en la Casa de Nuestra Am\u00e9rica Jos\u00e9 Mart\u00ed, en Caracas, en el contexto de un acto que contar\u00e1 adem\u00e1s con la actuaci\u00f3n cultural especial de ni\u00f1os venezolanos.<\/span><\/p>\n<\/p>\n<p><span class=\"text1noticias\">Entre otros sucesos para celebrar la semana de la isla caribe\u00f1a, la sala de teatro Uneartes exhibir\u00e1 tambi\u00e9n el filme \u00abEl Premio Flaco\u00bb, pieza de H\u00e9ctor Quintero, que forma parte del ciclo de cine cubano.<\/span><\/p>\n<\/p>\n<p><span class=\"text1noticias\">Con un recital de trovadores, exposiciones de libros y un homenaje al H\u00e9roe Nacional cubano, Jos\u00e9 Mart\u00ed, qued\u00f3 formalmente inaugurada el pasado 23 de enero, la semana de la cultura de la naci\u00f3n caribe\u00f1a en este pa\u00eds.<\/span><\/p>\n<\/p>\n<p><span class=\"text1noticias\">Asimismo, el capitalino Centro de Estudios Latinoamericanos R\u00f3mulo Gallegos (Celarg) servir\u00e1 hasta el venidero 28 de enero para que cultores de ambos pa\u00edses intercambien sobre manifestaciones tradicionales en el marco de estos festejos que reafirman las excelentes relaciones entre Venezuela y Cuba<\/span>.<\/p>\n<h6> 2012-01-26 14:37:34 <\/h6>\n<p><!--\n<link rel=\"stylesheet\" href=\"css\/bootstrap.min.css\">\n\n\n<ul class=\"pagination\">\n\t    \n\t\n\n<li >\n\t<a href='?page_no=18081'>Previous<\/a>\n\t<\/li>\n\n\n       \n    \n\n<li><a href='?page_no=1'>1<\/a><\/li>\n\n\n\n<li><a href='?page_no=2'>2<\/a><\/li>\n\n\n\n<li><a>...<\/a><\/li>\n\n\n\n<li><a href='?page_no=18080'>18080<\/a><\/li>\n\n\n\n<li><a href='?page_no=18081'>18081<\/a><\/li>\n\n\n\n<li class='active'><a>18082<\/a><\/li>\n\n\n\n<li><a href='?page_no=18083'>18083<\/a><\/li>\n\n\n\n<li><a href='?page_no=18084'>18084<\/a><\/li>\n\n\n\n<li><a>...<\/a><\/li>\n\n\n\n<li><a href='?page_no=22911'>22911<\/a><\/li>\n\n\n\n<li><a href='?page_no=22912'>22912<\/a><\/li>\n\n    \n\t\n\n<li >\n\t<a href='?page_no=18083'>Next<\/a>\n\t<\/li>\n\n\n    \n\n<li><a href='?page_no=22912'>Last &rsaquo;&rsaquo;<\/a><\/li>\n\n<\/ul>\n\n\n--><br \/>\n<\/body><\/p>\n","protected":false},"excerpt":{"rendered":"<p>Caracas, 26 ene (PL).- El libro Venezuela y Bol\u00edvar en Jos\u00e9 Mart\u00ed ser\u00e1 presentado hoy en esta capital, como parte de las actividades para conmemorar la semana de la cultura cubana en esta naci\u00f3n. La obra del historiador cubano Salvador Morales ser\u00e1 mostrada al p\u00fablico en la Casa de Nuestra Am\u00e9rica Jos\u00e9 Mart\u00ed, en Caracas, [&hellip;]<\/p>\n","protected":false},"author":3,"featured_media":0,"comment_status":"open","ping_status":"open","sticky":false,"template":"","format":"standard","meta":{"footnotes":""},"categories":[21],"tags":[],"class_list":["post-66404","post","type-post","status-publish","format-standard","hentry","category-cultura"],"_links":{"self":[{"href":"https:\/\/diariodominicano.com\/index.php?rest_route=\/wp\/v2\/posts\/66404","targetHints":{"allow":["GET"]}}],"collection":[{"href":"https:\/\/diariodominicano.com\/index.php?rest_route=\/wp\/v2\/posts"}],"about":[{"href":"https:\/\/diariodominicano.com\/index.php?rest_route=\/wp\/v2\/types\/post"}],"author":[{"embeddable":true,"href":"https:\/\/diariodominicano.com\/index.php?rest_route=\/wp\/v2\/users\/3"}],"replies":[{"embeddable":true,"href":"https:\/\/diariodominicano.com\/index.php?rest_route=%2Fwp%2Fv2%2Fcomments&post=66404"}],"version-history":[{"count":0,"href":"https:\/\/diariodominicano.com\/index.php?rest_route=\/wp\/v2\/posts\/66404\/revisions"}],"wp:attachment":[{"href":"https:\/\/diariodominicano.com\/index.php?rest_route=%2Fwp%2Fv2%2Fmedia&parent=66404"}],"wp:term":[{"taxonomy":"category","embeddable":true,"href":"https:\/\/diariodominicano.com\/index.php?rest_route=%2Fwp%2Fv2%2Fcategories&post=66404"},{"taxonomy":"post_tag","embeddable":true,"href":"https:\/\/diariodominicano.com\/index.php?rest_route=%2Fwp%2Fv2%2Ftags&post=66404"}],"curies":[{"name":"wp","href":"https:\/\/api.w.org\/{rel}","templated":true}]}}