{"id":66403,"date":"2012-01-26T14:56:30","date_gmt":"2012-01-26T14:56:30","guid":{"rendered":"http:\/\/diariodominicano.ddns.net\/?p=66403"},"modified":"2012-01-26T14:56:30","modified_gmt":"2012-01-26T14:56:30","slug":"presentaran-este-sabado-concierto-mujeres-en-el-jazz","status":"publish","type":"post","link":"https:\/\/diariodominicano.com\/?p=66403","title":{"rendered":"Presentar\u00e1n este s\u00e1bado concierto \u00abMujeres en el Jazz\u00bb"},"content":{"rendered":"<p><body><\/p>\n<p><span class=\"text1noticias\">Santo Domingo RD 26 enero .- La Embajada de Alemania en cooperaci\u00f3n con el Goethe-Institut Mexiko y el Centro Dominico-Alem\u00e1n, invitan al concierto \u00abMujeres en el Jazz\u00bb, gratis, el s\u00e1bado 28 de enero a las 8:30 pm, en el Centro Dominico-Alem\u00e1n en la Zona Colonial de Santo Domingo.<\/span><\/p>\n<\/p>\n<p><span class=\"text1noticias\">De la Rep\u00fablica Dominicana participar\u00e1 la reconocida pianista y compositora Ania Paz, ganadora de m\u00faltiples premios como el de \u00abComposici\u00f3n Sinf\u00f3nica Jos\u00e9 Reyes\u00bb del Ministerio de Cultura. <\/span><\/p>\n<\/p>\n<p><span class=\"text1noticias\">Ha participado en importantes festivales internacionales como el TCI San Jos\u00e9 Jazz Festival de California (E.U.) y el Festival Internacional de Jazz en Lima (Per\u00fa). <\/span><\/p>\n<\/p>\n<p><span class=\"text1noticias\">Se presentar\u00e1 con el Ania Paz Ensamble, agrupaci\u00f3n integrada por los destacados m\u00fasicos dominicanos Virgilio Feliz Junior en el bajo, F\u00e9lix Cabral en la bater\u00eda, y Juamy Fern\u00e1ndez en la percusi\u00f3n.<\/span><\/p>\n<\/p>\n<p><span class=\"text1noticias\">Desde Alemania participar\u00e1 la reconocida saxofonista y compositora Angelika Niescier, ganadora de m\u00faltiples premios como el Echo Jazz 2010 y el de la primera \u00abImprovisadora en Residencia\u00bb de la ciudad de Moers. <\/span><\/p>\n<\/p>\n<p><span class=\"text1noticias\">Dentro de sus recientes presentaciones se encuentran la gira en Egipto con la \u00abOrquesta de Jazz de Mujeres de Alemania\u00bb as\u00ed como conciertos en Zagreb (Croacia), Se\u00fal (Corea del Sur) y Nueva York (Estados Unidos). <\/span><\/p>\n<\/p>\n<p><span class=\"text1noticias\">Angelika se presentar\u00e1 con el cuarteto Sublin, agrupaci\u00f3n integrada por los destacados m\u00fasicos alemanes Florian Weber en el piano, Sebastian R\u00e4ther en el bajo y Christoph Hillman en la bater\u00eda. <\/span><\/p>\n<\/p>\n<p><span class=\"text1noticias\">Sublim vendr\u00e1 desde Hait\u00ed, donde participar\u00e1 en el VI Festival Internacional de Port-Au-Prince (VI Festival Internacional De Jazz De Puerto Pr\u00edncipe).<\/span><\/p>\n<\/p>\n<p><span class=\"text1noticias\">Adem\u00e1s, Angelika ofrecer\u00e1 este viernes a las 4:00 pm, una clase maestra en Instrumentos Fernado Giraldez\/Yamaha, ubicado en la calle Proyecto Central no 3, La Esperilla, Santo Domingo. El tema a tratar es: Improvisaci\u00f3n y Comunicaci\u00f3n en la M\u00fasica<\/span>. <\/p>\n<\/p>\n<h6> 2012-01-26 14:56:30 <\/h6>\n<p><!--\n<link rel=\"stylesheet\" href=\"css\/bootstrap.min.css\">\n\n\n<ul class=\"pagination\">\n\t    \n\t\n\n<li >\n\t<a href='?page_no=18080'>Previous<\/a>\n\t<\/li>\n\n\n       \n    \n\n<li><a href='?page_no=1'>1<\/a><\/li>\n\n\n\n<li><a href='?page_no=2'>2<\/a><\/li>\n\n\n\n<li><a>...<\/a><\/li>\n\n\n\n<li><a href='?page_no=18079'>18079<\/a><\/li>\n\n\n\n<li><a href='?page_no=18080'>18080<\/a><\/li>\n\n\n\n<li class='active'><a>18081<\/a><\/li>\n\n\n\n<li><a href='?page_no=18082'>18082<\/a><\/li>\n\n\n\n<li><a href='?page_no=18083'>18083<\/a><\/li>\n\n\n\n<li><a>...<\/a><\/li>\n\n\n\n<li><a href='?page_no=22911'>22911<\/a><\/li>\n\n\n\n<li><a href='?page_no=22912'>22912<\/a><\/li>\n\n    \n\t\n\n<li >\n\t<a href='?page_no=18082'>Next<\/a>\n\t<\/li>\n\n\n    \n\n<li><a href='?page_no=22912'>Last &rsaquo;&rsaquo;<\/a><\/li>\n\n<\/ul>\n\n\n--><br \/>\n<\/body><\/p>\n","protected":false},"excerpt":{"rendered":"<p>Santo Domingo RD 26 enero .- La Embajada de Alemania en cooperaci\u00f3n con el Goethe-Institut Mexiko y el Centro Dominico-Alem\u00e1n, invitan al concierto \u00abMujeres en el Jazz\u00bb, gratis, el s\u00e1bado 28 de enero a las 8:30 pm, en el Centro Dominico-Alem\u00e1n en la Zona Colonial de Santo Domingo. De la Rep\u00fablica Dominicana participar\u00e1 la reconocida [&hellip;]<\/p>\n","protected":false},"author":3,"featured_media":0,"comment_status":"open","ping_status":"open","sticky":false,"template":"","format":"standard","meta":{"footnotes":""},"categories":[21],"tags":[],"class_list":["post-66403","post","type-post","status-publish","format-standard","hentry","category-cultura"],"_links":{"self":[{"href":"https:\/\/diariodominicano.com\/index.php?rest_route=\/wp\/v2\/posts\/66403","targetHints":{"allow":["GET"]}}],"collection":[{"href":"https:\/\/diariodominicano.com\/index.php?rest_route=\/wp\/v2\/posts"}],"about":[{"href":"https:\/\/diariodominicano.com\/index.php?rest_route=\/wp\/v2\/types\/post"}],"author":[{"embeddable":true,"href":"https:\/\/diariodominicano.com\/index.php?rest_route=\/wp\/v2\/users\/3"}],"replies":[{"embeddable":true,"href":"https:\/\/diariodominicano.com\/index.php?rest_route=%2Fwp%2Fv2%2Fcomments&post=66403"}],"version-history":[{"count":0,"href":"https:\/\/diariodominicano.com\/index.php?rest_route=\/wp\/v2\/posts\/66403\/revisions"}],"wp:attachment":[{"href":"https:\/\/diariodominicano.com\/index.php?rest_route=%2Fwp%2Fv2%2Fmedia&parent=66403"}],"wp:term":[{"taxonomy":"category","embeddable":true,"href":"https:\/\/diariodominicano.com\/index.php?rest_route=%2Fwp%2Fv2%2Fcategories&post=66403"},{"taxonomy":"post_tag","embeddable":true,"href":"https:\/\/diariodominicano.com\/index.php?rest_route=%2Fwp%2Fv2%2Ftags&post=66403"}],"curies":[{"name":"wp","href":"https:\/\/api.w.org\/{rel}","templated":true}]}}