{"id":66402,"date":"2012-01-26T15:17:20","date_gmt":"2012-01-26T15:17:20","guid":{"rendered":"http:\/\/diariodominicano.ddns.net\/?p=66402"},"modified":"2012-01-26T15:17:20","modified_gmt":"2012-01-26T15:17:20","slug":"itla-gradua-hoy-291-tecnologos-en-diferentes-areas","status":"publish","type":"post","link":"https:\/\/diariodominicano.com\/?p=66402","title":{"rendered":"ITLA grad\u00faa hoy 291 tecn\u00f3logos en diferentes \u00e1reas&#13;"},"content":{"rendered":"<p><body><\/p>\n<p><span class=\"text1noticias\">Santo Domingo, RD, 26 enero 2012.- El Instituto Tecnol\u00f3gico de Las Am\u00e9ricas (ITLA) grad\u00faa este jueves 291 nuevos profesionales en diferentes \u00e1reas, en una ceremonia de graduaci\u00f3n presidida  por el presidente del Consejo de Directores, licenciado Eddy Mart\u00ednez Manzueta, y el rector de la academia, ingeniero Jos\u00e9 Armando Tav\u00e1rez.<\/span><\/p>\n<\/p>\n<p><span class=\"text1noticias\">Los j\u00f3venes se grad\u00faan en las \u00e1reas  de Redes, Desarrollo de Software, Multimedia, Mecatr\u00f3nica y Manufactura Automatizada. El acto de graduaci\u00f3n est\u00e1 pautado para la 7:00 de la noche, en la Casa San Pablo, a la que han sido invitados personalidades del sector educativo.<\/span><\/p>\n<p><span class=\"text1noticias\"> <\/span><\/p>\n<p><span class=\"text1noticias\">Tav\u00e1rez dijo que esta tercera graduaci\u00f3n de Tecn\u00f3logos, es el resultado del programa Fondo para  la  Excelencia Acad\u00e9mica, que  apadrinan el Instituto Dominicano de las Telecomunicaciones (INDOTEL); el Ministerio de Educaci\u00f3n Superior Ciencia y Tecnolog\u00eda (MESCyT  y el Instituto Tecnol\u00f3gico de Las Am\u00e9ricas (ITLA).<\/span><\/p>\n<\/p>\n<p><span class=\"text1noticias\">??Me siento satisfecho con estos 291 nuevos profesionales que se grad\u00faan hoy, y con estos suman 512 los egresados de Educaci\u00f3n Superior??, sostuvo Tav\u00e1rez.<\/span><\/p>\n<\/p>\n<p><span class=\"text1noticias\">Explic\u00f3 que esta investidura constituye una demostraci\u00f3n de que el Instituto Tecnol\u00f3gico de Las Am\u00e9ricas cumple su compromiso de ser el referente en la formaci\u00f3n de carreras tecnol\u00f3gicas en la regi\u00f3n.<\/span><\/p>\n<\/p>\n<p><span class=\"text1noticias\">En estos \u00faltimos siete  a\u00f1os, ITLA ha desarrollado un ambicioso programa de becas, con el objetivo de favorecer a los j\u00f3venes de escasos recursos. En este sentido, la instituci\u00f3n ha otorgado m\u00e1s de 35 mil  becas para el \u00e1rea de Educaci\u00f3n Continuada. <\/span><\/p>\n<\/p>\n<p><span class=\"text1noticias\">ITLA constituye una de las principales apuestas del Gobierno para el desar\u00acrollo y la competitividad de la Rep\u00fablica Dominicana.  Su principal misi\u00f3n es formar el personal t\u00e9cnico que requiere el pa\u00eds para impulsar la industria, fomentar la in\u00acversi\u00f3n extranjera y los servicios tecnol\u00f3gicos. <\/span><\/p>\n<\/p>\n<p><span class=\"text1noticias\">ITLA ha logrado no s\u00f3lo brindar educaci\u00f3n de clase mundial a los estudiantes, tambi\u00e9n ofrece confortable alojamiento a los j\u00f3venes que se desplazan desde las diferentes provincias, los cuales sin estas facilidades, dif\u00edcilmente lograr\u00edan su sue\u00f1o<\/span>.<\/p>\n<\/p>\n<\/p>\n<h6> 2012-01-26 15:17:20 <\/h6>\n<p><!--\n<link rel=\"stylesheet\" href=\"css\/bootstrap.min.css\">\n\n\n<ul class=\"pagination\">\n\t    \n\t\n\n<li >\n\t<a href='?page_no=18079'>Previous<\/a>\n\t<\/li>\n\n\n       \n    \n\n<li><a href='?page_no=1'>1<\/a><\/li>\n\n\n\n<li><a href='?page_no=2'>2<\/a><\/li>\n\n\n\n<li><a>...<\/a><\/li>\n\n\n\n<li><a href='?page_no=18078'>18078<\/a><\/li>\n\n\n\n<li><a href='?page_no=18079'>18079<\/a><\/li>\n\n\n\n<li class='active'><a>18080<\/a><\/li>\n\n\n\n<li><a href='?page_no=18081'>18081<\/a><\/li>\n\n\n\n<li><a href='?page_no=18082'>18082<\/a><\/li>\n\n\n\n<li><a>...<\/a><\/li>\n\n\n\n<li><a href='?page_no=22911'>22911<\/a><\/li>\n\n\n\n<li><a href='?page_no=22912'>22912<\/a><\/li>\n\n    \n\t\n\n<li >\n\t<a href='?page_no=18081'>Next<\/a>\n\t<\/li>\n\n\n    \n\n<li><a href='?page_no=22912'>Last &rsaquo;&rsaquo;<\/a><\/li>\n\n<\/ul>\n\n\n--><br \/>\n<\/body><\/p>\n","protected":false},"excerpt":{"rendered":"<p>Santo Domingo, RD, 26 enero 2012.- El Instituto Tecnol\u00f3gico de Las Am\u00e9ricas (ITLA) grad\u00faa este jueves 291 nuevos profesionales en diferentes \u00e1reas, en una ceremonia de graduaci\u00f3n presidida por el presidente del Consejo de Directores, licenciado Eddy Mart\u00ednez Manzueta, y el rector de la academia, ingeniero Jos\u00e9 Armando Tav\u00e1rez. Los j\u00f3venes se grad\u00faan en las [&hellip;]<\/p>\n","protected":false},"author":3,"featured_media":0,"comment_status":"open","ping_status":"open","sticky":false,"template":"","format":"standard","meta":{"footnotes":""},"categories":[21],"tags":[],"class_list":["post-66402","post","type-post","status-publish","format-standard","hentry","category-cultura"],"_links":{"self":[{"href":"https:\/\/diariodominicano.com\/index.php?rest_route=\/wp\/v2\/posts\/66402","targetHints":{"allow":["GET"]}}],"collection":[{"href":"https:\/\/diariodominicano.com\/index.php?rest_route=\/wp\/v2\/posts"}],"about":[{"href":"https:\/\/diariodominicano.com\/index.php?rest_route=\/wp\/v2\/types\/post"}],"author":[{"embeddable":true,"href":"https:\/\/diariodominicano.com\/index.php?rest_route=\/wp\/v2\/users\/3"}],"replies":[{"embeddable":true,"href":"https:\/\/diariodominicano.com\/index.php?rest_route=%2Fwp%2Fv2%2Fcomments&post=66402"}],"version-history":[{"count":0,"href":"https:\/\/diariodominicano.com\/index.php?rest_route=\/wp\/v2\/posts\/66402\/revisions"}],"wp:attachment":[{"href":"https:\/\/diariodominicano.com\/index.php?rest_route=%2Fwp%2Fv2%2Fmedia&parent=66402"}],"wp:term":[{"taxonomy":"category","embeddable":true,"href":"https:\/\/diariodominicano.com\/index.php?rest_route=%2Fwp%2Fv2%2Fcategories&post=66402"},{"taxonomy":"post_tag","embeddable":true,"href":"https:\/\/diariodominicano.com\/index.php?rest_route=%2Fwp%2Fv2%2Ftags&post=66402"}],"curies":[{"name":"wp","href":"https:\/\/api.w.org\/{rel}","templated":true}]}}