{"id":66401,"date":"2012-01-26T16:06:18","date_gmt":"2012-01-26T16:06:18","guid":{"rendered":"http:\/\/diariodominicano.ddns.net\/?p=66401"},"modified":"2012-01-26T16:06:18","modified_gmt":"2012-01-26T16:06:18","slug":"armando-almanzar-premio-nacional-de-literatura-2012","status":"publish","type":"post","link":"https:\/\/diariodominicano.com\/?p=66401","title":{"rendered":"Armando Alm\u00e1nzar, Premio Nacional de Literatura 2012"},"content":{"rendered":"<p><body><\/p>\n<p><span class=\"text1noticias\">Santo Domingo RD 26 enero.- El escritor y cr\u00edtico de cine Armando Alm\u00e1nzar Rodr\u00edguez es el ganador del Premio Nacional de Literatura 2012, que concede la Fundaci\u00f3n Corripio y el Ministerio de Cultura. <\/span><\/p>\n<\/p>\n<p><span class=\"text1noticias\">Al revelar el nombre del ganador, el presidente de la Fundaci\u00f3n, Jos\u00e9 Alc\u00e1ntara Alm\u00e1nzar, dijo que fue seleccionado por su gran trayectoria en la literatura, con casi 50 a\u00f1os escribiendo cuentos y novelas<\/span>. <\/p>\n<\/p>\n<p><span class=\"text1noticias\">El premio le ser\u00e1 entregado el pr\u00f3ximo 8 de febrero, en la sala principal del Teatro Nacional. <\/span><\/p>\n<\/p>\n<p><span class=\"text1noticias\">Armando Alm\u00e1nzar Rodr\u00edguez se le reconoce adem\u00e1s, por su vena humor\u00edstica fuera de lo com\u00fan y casi inexistente en la literatura dominicana. Emplea un lenguaje coloquial y muy colorido, sui encanto radica en el suspenso, creaci\u00f3n de personajes interesantes y en tratar temas actuales.<\/span><\/p>\n<\/p>\n<p><span class=\"text1noticias\">El escritor, que naci\u00f3 el 22 de mayo de 1935, es tambi\u00e9n periodista. <\/span><\/p>\n<\/p>\n<p><span class=\"text1noticias\">Entre sus obras se destacan: L\u00edmites (1967-1979); Infancia Feliz (1978); Cuentos en Cortometraje (1993); Marcado por el Mar (1195).<\/span><\/p>\n<\/p>\n<p><span class=\"text1noticias\">En el 2001 realiz\u00f3 una selecci\u00f3n de sus mejores cuentos y public\u00f3 su \u00abAntolog\u00eda personal\u00bb. En el 2003 apareci\u00f3 su primera novela, titulada \u00abUn siglo de sombras\u00bb. <\/span><\/p>\n<\/p>\n<p><span class=\"text1noticias\">Como de costumbre, luego de abrir el sobre con el nombre del ganador, el presidente de la Fundaci\u00f3n lo llama v\u00eda telef\u00f3nica. Al responder la llamada, Alm\u00e1nzar reaccion\u00f3 sorprendido por su selecci\u00f3n. <\/span><\/p>\n<\/p>\n<p><span class=\"text1noticias\">Esta premiaci\u00f3n se inici\u00f3 en el 1990 y entre los ganadores est\u00e1n: Juan Bosch, Joaqu\u00edn Balaguer, Manuel del Cabral, Mar\u00eda Ugarte, entre otros<\/span>.<\/p>\n<\/p>\n<h6> 2012-01-26 16:06:18 <\/h6>\n<p><!--\n<link rel=\"stylesheet\" href=\"css\/bootstrap.min.css\">\n\n\n<ul class=\"pagination\">\n\t    \n\t\n\n<li >\n\t<a href='?page_no=18078'>Previous<\/a>\n\t<\/li>\n\n\n       \n    \n\n<li><a href='?page_no=1'>1<\/a><\/li>\n\n\n\n<li><a href='?page_no=2'>2<\/a><\/li>\n\n\n\n<li><a>...<\/a><\/li>\n\n\n\n<li><a href='?page_no=18077'>18077<\/a><\/li>\n\n\n\n<li><a href='?page_no=18078'>18078<\/a><\/li>\n\n\n\n<li class='active'><a>18079<\/a><\/li>\n\n\n\n<li><a href='?page_no=18080'>18080<\/a><\/li>\n\n\n\n<li><a href='?page_no=18081'>18081<\/a><\/li>\n\n\n\n<li><a>...<\/a><\/li>\n\n\n\n<li><a href='?page_no=22911'>22911<\/a><\/li>\n\n\n\n<li><a href='?page_no=22912'>22912<\/a><\/li>\n\n    \n\t\n\n<li >\n\t<a href='?page_no=18080'>Next<\/a>\n\t<\/li>\n\n\n    \n\n<li><a href='?page_no=22912'>Last &rsaquo;&rsaquo;<\/a><\/li>\n\n<\/ul>\n\n\n--><br \/>\n<\/body><\/p>\n","protected":false},"excerpt":{"rendered":"<p>Santo Domingo RD 26 enero.- El escritor y cr\u00edtico de cine Armando Alm\u00e1nzar Rodr\u00edguez es el ganador del Premio Nacional de Literatura 2012, que concede la Fundaci\u00f3n Corripio y el Ministerio de Cultura. Al revelar el nombre del ganador, el presidente de la Fundaci\u00f3n, Jos\u00e9 Alc\u00e1ntara Alm\u00e1nzar, dijo que fue seleccionado por su gran trayectoria [&hellip;]<\/p>\n","protected":false},"author":3,"featured_media":0,"comment_status":"open","ping_status":"open","sticky":false,"template":"","format":"standard","meta":{"footnotes":""},"categories":[21],"tags":[],"class_list":["post-66401","post","type-post","status-publish","format-standard","hentry","category-cultura"],"_links":{"self":[{"href":"https:\/\/diariodominicano.com\/index.php?rest_route=\/wp\/v2\/posts\/66401","targetHints":{"allow":["GET"]}}],"collection":[{"href":"https:\/\/diariodominicano.com\/index.php?rest_route=\/wp\/v2\/posts"}],"about":[{"href":"https:\/\/diariodominicano.com\/index.php?rest_route=\/wp\/v2\/types\/post"}],"author":[{"embeddable":true,"href":"https:\/\/diariodominicano.com\/index.php?rest_route=\/wp\/v2\/users\/3"}],"replies":[{"embeddable":true,"href":"https:\/\/diariodominicano.com\/index.php?rest_route=%2Fwp%2Fv2%2Fcomments&post=66401"}],"version-history":[{"count":0,"href":"https:\/\/diariodominicano.com\/index.php?rest_route=\/wp\/v2\/posts\/66401\/revisions"}],"wp:attachment":[{"href":"https:\/\/diariodominicano.com\/index.php?rest_route=%2Fwp%2Fv2%2Fmedia&parent=66401"}],"wp:term":[{"taxonomy":"category","embeddable":true,"href":"https:\/\/diariodominicano.com\/index.php?rest_route=%2Fwp%2Fv2%2Fcategories&post=66401"},{"taxonomy":"post_tag","embeddable":true,"href":"https:\/\/diariodominicano.com\/index.php?rest_route=%2Fwp%2Fv2%2Ftags&post=66401"}],"curies":[{"name":"wp","href":"https:\/\/api.w.org\/{rel}","templated":true}]}}