{"id":66399,"date":"2012-01-26T16:12:38","date_gmt":"2012-01-26T16:12:38","guid":{"rendered":"http:\/\/diariodominicano.ddns.net\/?p=66399"},"modified":"2012-01-26T16:12:38","modified_gmt":"2012-01-26T16:12:38","slug":"colonia-china-celebrara-ano-nuevo-chino-del-dragon","status":"publish","type":"post","link":"https:\/\/diariodominicano.com\/?p=66399","title":{"rendered":"Colonia China celebrar\u00e1 A\u00f1o Nuevo Chino del Drag\u00f3n"},"content":{"rendered":"<p><body><\/p>\n<p><span class=\"text1noticias\">Santo Domingo RD 26 enero.- El Centro de la Colonia China anunci\u00f3 que el domingo 29 del presente mes, celebrar\u00e1n \u00abel A\u00f1o Nuevo Chino del Drag\u00f3n\u00bb, en el espacio abierto de la avenida Duarte, del Barrio Chino de Santo Domingo, con varias actividades art\u00edsticas y culturales.<\/span><\/p>\n<\/p>\n<p><span class=\"text1noticias\">Su King Fung, presidente, inform\u00f3 que esta celebraci\u00f3n iniciar\u00e1 a la 5 de la tarde con los bailes de la Danza del Drag\u00f3n y Danza del Le\u00f3n, actividades art\u00edsticas, acto de magias, karaoke y presentaci\u00f3n de artes marciales chinas.<\/span><\/p>\n<\/p>\n<p><span class=\"text1noticias\">Destac\u00f3 que tambi\u00e9n tendr\u00e1n una cena de gala por invitaci\u00f3n en un Restaurante del Barrio Chino, donde habr\u00e1 Danza del Le\u00f3n, rifas y presentaciones art\u00edsticas de chinos residentes en el pa\u00eds.<\/span><\/p>\n<\/p>\n<p><span class=\"text1noticias\">El encuentro de la prensa estuvo presidido adem\u00e1s, del presidente Su King Fung, Dar\u00edo Sang, vicepresidente; Marcos Ng, Pedro Gaipang Fung, Juan Ng, Miguel Fung, Marino Joa y Wilson Ho, y representantes del Centro de la Colonia<\/span>.<\/p>\n<\/p>\n<\/p>\n<h6> 2012-01-26 16:12:38 <\/h6>\n<p><!--\n<link rel=\"stylesheet\" href=\"css\/bootstrap.min.css\">\n\n\n<ul class=\"pagination\">\n\t    \n\t\n\n<li >\n\t<a href='?page_no=18076'>Previous<\/a>\n\t<\/li>\n\n\n       \n    \n\n<li><a href='?page_no=1'>1<\/a><\/li>\n\n\n\n<li><a href='?page_no=2'>2<\/a><\/li>\n\n\n\n<li><a>...<\/a><\/li>\n\n\n\n<li><a href='?page_no=18075'>18075<\/a><\/li>\n\n\n\n<li><a href='?page_no=18076'>18076<\/a><\/li>\n\n\n\n<li class='active'><a>18077<\/a><\/li>\n\n\n\n<li><a href='?page_no=18078'>18078<\/a><\/li>\n\n\n\n<li><a href='?page_no=18079'>18079<\/a><\/li>\n\n\n\n<li><a>...<\/a><\/li>\n\n\n\n<li><a href='?page_no=22911'>22911<\/a><\/li>\n\n\n\n<li><a href='?page_no=22912'>22912<\/a><\/li>\n\n    \n\t\n\n<li >\n\t<a href='?page_no=18078'>Next<\/a>\n\t<\/li>\n\n\n    \n\n<li><a href='?page_no=22912'>Last &rsaquo;&rsaquo;<\/a><\/li>\n\n<\/ul>\n\n\n--><br \/>\n<\/body><\/p>\n","protected":false},"excerpt":{"rendered":"<p>Santo Domingo RD 26 enero.- El Centro de la Colonia China anunci\u00f3 que el domingo 29 del presente mes, celebrar\u00e1n \u00abel A\u00f1o Nuevo Chino del Drag\u00f3n\u00bb, en el espacio abierto de la avenida Duarte, del Barrio Chino de Santo Domingo, con varias actividades art\u00edsticas y culturales. Su King Fung, presidente, inform\u00f3 que esta celebraci\u00f3n iniciar\u00e1 [&hellip;]<\/p>\n","protected":false},"author":3,"featured_media":0,"comment_status":"open","ping_status":"open","sticky":false,"template":"","format":"standard","meta":{"footnotes":""},"categories":[21],"tags":[],"class_list":["post-66399","post","type-post","status-publish","format-standard","hentry","category-cultura"],"_links":{"self":[{"href":"https:\/\/diariodominicano.com\/index.php?rest_route=\/wp\/v2\/posts\/66399","targetHints":{"allow":["GET"]}}],"collection":[{"href":"https:\/\/diariodominicano.com\/index.php?rest_route=\/wp\/v2\/posts"}],"about":[{"href":"https:\/\/diariodominicano.com\/index.php?rest_route=\/wp\/v2\/types\/post"}],"author":[{"embeddable":true,"href":"https:\/\/diariodominicano.com\/index.php?rest_route=\/wp\/v2\/users\/3"}],"replies":[{"embeddable":true,"href":"https:\/\/diariodominicano.com\/index.php?rest_route=%2Fwp%2Fv2%2Fcomments&post=66399"}],"version-history":[{"count":0,"href":"https:\/\/diariodominicano.com\/index.php?rest_route=\/wp\/v2\/posts\/66399\/revisions"}],"wp:attachment":[{"href":"https:\/\/diariodominicano.com\/index.php?rest_route=%2Fwp%2Fv2%2Fmedia&parent=66399"}],"wp:term":[{"taxonomy":"category","embeddable":true,"href":"https:\/\/diariodominicano.com\/index.php?rest_route=%2Fwp%2Fv2%2Fcategories&post=66399"},{"taxonomy":"post_tag","embeddable":true,"href":"https:\/\/diariodominicano.com\/index.php?rest_route=%2Fwp%2Fv2%2Ftags&post=66399"}],"curies":[{"name":"wp","href":"https:\/\/api.w.org\/{rel}","templated":true}]}}