{"id":66398,"date":"2012-01-26T16:15:30","date_gmt":"2012-01-26T16:15:30","guid":{"rendered":"http:\/\/diariodominicano.ddns.net\/?p=66398"},"modified":"2012-01-26T16:15:30","modified_gmt":"2012-01-26T16:15:30","slug":"angelo-cabrera-un-artista-de-las-caretas-del-carnaval-de-santiago","status":"publish","type":"post","link":"https:\/\/diariodominicano.com\/?p=66398","title":{"rendered":"\u00c1ngelo Cabrera, un artista de las caretas del carnaval de Santiago"},"content":{"rendered":"<p><body><\/p>\n<p><span class=\"text1noticias\">Santiago RD 26 enero.- El s\u00edmbolo caracter\u00edstico de las carnestolendas santiagueras es la careta, que se iniciaron con dos: las Caretas Joyeras y Pepineras y que en los \u00faltimos a\u00f1os ha incorporado la Pueblonuevera (de Pueblo Nuevo) y La Manota, de El Ejido.<\/span><\/p>\n<\/p>\n<p><span class=\"text1noticias\">Todas \u00e9stas tienen como elemento com\u00fan los materiales utilizados y el proceso de elaboraci\u00f3n; barro, molde, almid\u00f3n, papel peri\u00f3dico y papel march\u00e9, cuyo proceso de elaboraci\u00f3n inicia con el molde de barro que da forma a la misma, luego le sigue el empapelado, secado al sol, ensamblado y termina con la pintura.<\/span><\/p>\n<\/p>\n<p><span class=\"text1noticias\">Uno de los m\u00e1s reconocidos artesanos de larga data y tradici\u00f3n familiar es Angelo Cabrera, quien dice que el tiempo de duraci\u00f3n, inversi\u00f3n y precio de una careta var\u00eda de acuerdo a las exigencias del cliente y de la categor\u00eda.<\/span><\/p>\n<\/p>\n<p><span class=\"text1noticias\">\u00abYo vend\u00ed una careta en Houston por 700 d\u00f3lares, pero cuando trabajo para grupos de aqu\u00ed cobro 3,500 pesos. En tanto que cuando son individuales y sobre todo las de fantas\u00eda que llevan elementos decorativos como arenillas, telas de brillo y flores, podr\u00edan costar hasta 7 mil pesos\u00bb, dice.<\/span><\/p>\n<\/p>\n<p><span class=\"text1noticias\">En t\u00e9rminos de duraci\u00f3n podr\u00eda hacer una docena de caretas peque\u00f1as en una ma\u00f1ana, pero para una grande con muchos detalles, durar\u00eda una semana. En general, sus trabajos para el carnaval santiaguero inician en agosto.<\/span><\/p>\n<\/p>\n<p><span class=\"text1noticias\">Angelo Cabrera ejerce este oficio desde ni\u00f1o, \u00abes lo \u00fanico que s\u00e9 hacer y de eso vivo\u00bb, dice el talentoso artesano, que tiene en su haber 71 premios, obviando los reconocimientos y placas, que a menudo, transfiere a sus alumnos \u00abpara motivarlos\u00bb.<\/span><\/p>\n<\/p>\n<p><span class=\"text1noticias\">A pesar de esto, el hombre trabaja en el espacio estrecho donde vive, su improvisado taller consiste en el patio de su casa, dos metros por cuatro, que comparte con sus mascotas. Afortunadamente para \u00e9l, sus obras han trascendido al plano internacional y actualmente prepara las maletas para irse a Disney, donde le hicieron un contrato luego que atendiera una demanda el a\u00f1o pasado para hacer r\u00e9plicas de huesos de dinosaurios. \u00abNo s\u00e9 lo que me pondr\u00e1n a hacer ahora, pero el d\u00eda 5 me voy\u00bb, dijo Cabrera quien se lament\u00f3 de que en el pa\u00eds no valoren el talento.<\/span><\/p>\n<\/p>\n<p><span class=\"text1noticias\">Al igual que la mayor\u00eda de artesanos, el entrevistado hered\u00f3 el oficio de sus antepasados: su pariente Mar\u00eda Esperanza N\u00fa\u00f1ez, inici\u00f3 estos trabajos y le siguieron: Jos\u00e9 Joaqu\u00edn Ure\u00f1a, Rosa Altagracia Ure\u00f1a, Luis Ure\u00f1a (su abuelo y creador de la careta pueblonuevera) y Jos\u00e9 Casimiro<\/span>.<\/p>\n<h6> 2012-01-26 16:15:30 <\/h6>\n<p><!--\n<link rel=\"stylesheet\" href=\"css\/bootstrap.min.css\">\n\n\n<ul class=\"pagination\">\n\t    \n\t\n\n<li >\n\t<a href='?page_no=18075'>Previous<\/a>\n\t<\/li>\n\n\n       \n    \n\n<li><a href='?page_no=1'>1<\/a><\/li>\n\n\n\n<li><a href='?page_no=2'>2<\/a><\/li>\n\n\n\n<li><a>...<\/a><\/li>\n\n\n\n<li><a href='?page_no=18074'>18074<\/a><\/li>\n\n\n\n<li><a href='?page_no=18075'>18075<\/a><\/li>\n\n\n\n<li class='active'><a>18076<\/a><\/li>\n\n\n\n<li><a href='?page_no=18077'>18077<\/a><\/li>\n\n\n\n<li><a href='?page_no=18078'>18078<\/a><\/li>\n\n\n\n<li><a>...<\/a><\/li>\n\n\n\n<li><a href='?page_no=22911'>22911<\/a><\/li>\n\n\n\n<li><a href='?page_no=22912'>22912<\/a><\/li>\n\n    \n\t\n\n<li >\n\t<a href='?page_no=18077'>Next<\/a>\n\t<\/li>\n\n\n    \n\n<li><a href='?page_no=22912'>Last &rsaquo;&rsaquo;<\/a><\/li>\n\n<\/ul>\n\n\n--><br \/>\n<\/body><\/p>\n","protected":false},"excerpt":{"rendered":"<p>Santiago RD 26 enero.- El s\u00edmbolo caracter\u00edstico de las carnestolendas santiagueras es la careta, que se iniciaron con dos: las Caretas Joyeras y Pepineras y que en los \u00faltimos a\u00f1os ha incorporado la Pueblonuevera (de Pueblo Nuevo) y La Manota, de El Ejido. Todas \u00e9stas tienen como elemento com\u00fan los materiales utilizados y el proceso [&hellip;]<\/p>\n","protected":false},"author":3,"featured_media":0,"comment_status":"open","ping_status":"open","sticky":false,"template":"","format":"standard","meta":{"footnotes":""},"categories":[21],"tags":[],"class_list":["post-66398","post","type-post","status-publish","format-standard","hentry","category-cultura"],"_links":{"self":[{"href":"https:\/\/diariodominicano.com\/index.php?rest_route=\/wp\/v2\/posts\/66398","targetHints":{"allow":["GET"]}}],"collection":[{"href":"https:\/\/diariodominicano.com\/index.php?rest_route=\/wp\/v2\/posts"}],"about":[{"href":"https:\/\/diariodominicano.com\/index.php?rest_route=\/wp\/v2\/types\/post"}],"author":[{"embeddable":true,"href":"https:\/\/diariodominicano.com\/index.php?rest_route=\/wp\/v2\/users\/3"}],"replies":[{"embeddable":true,"href":"https:\/\/diariodominicano.com\/index.php?rest_route=%2Fwp%2Fv2%2Fcomments&post=66398"}],"version-history":[{"count":0,"href":"https:\/\/diariodominicano.com\/index.php?rest_route=\/wp\/v2\/posts\/66398\/revisions"}],"wp:attachment":[{"href":"https:\/\/diariodominicano.com\/index.php?rest_route=%2Fwp%2Fv2%2Fmedia&parent=66398"}],"wp:term":[{"taxonomy":"category","embeddable":true,"href":"https:\/\/diariodominicano.com\/index.php?rest_route=%2Fwp%2Fv2%2Fcategories&post=66398"},{"taxonomy":"post_tag","embeddable":true,"href":"https:\/\/diariodominicano.com\/index.php?rest_route=%2Fwp%2Fv2%2Ftags&post=66398"}],"curies":[{"name":"wp","href":"https:\/\/api.w.org\/{rel}","templated":true}]}}