{"id":66396,"date":"2012-01-26T18:38:00","date_gmt":"2012-01-26T18:38:00","guid":{"rendered":"http:\/\/diariodominicano.ddns.net\/?p=66396"},"modified":"2012-01-26T18:38:00","modified_gmt":"2012-01-26T18:38:00","slug":"alburquerque-encabeza-actos-conmemorativos-al-199-aniversario-del-natalicio-del-patricio-juan-pablo-duarte","status":"publish","type":"post","link":"https:\/\/diariodominicano.com\/?p=66396","title":{"rendered":"Alburquerque encabeza actos conmemorativos al 199 Aniversario del Natalicio del Patricio Juan Pablo Duarte&#13;"},"content":{"rendered":"<p><body><\/p>\n<p><img decoding=\"async\" src=\"img3\/alburquerqueduarte.JPG\" \/>  <\/p>\n<p><span class=\"text1noticias\">Santo Domingo, R. D, 26 de Enero.- El vicepresidente de la Rep\u00fablica, doctor Rafael Alburquerque, encabez\u00f3 los actos conmemorativos del 199 Aniversario del Natalicio del Padre de la Patria Juan Pablo Duarte, este 26 de Enero, durante varios actos que presidi\u00f3 en la iglesia Santa B\u00e1rbara, la casa donde naci\u00f3 el Patricio y el Altar de la Patria.<\/span><\/p>\n<\/p>\n<p><span class=\"text1noticias\">A las 9:00:am, el vicepresidente encabez\u00f3 una misa en conmemoraci\u00f3n del natalicio del pr\u00f3cer fundador de nuestra nacionalidad, oficiada por Monse\u00f1or Amancio Escapa, en la iglesia Santa B\u00e1rbara de la Zona Colonial, donde Alburquerque inform\u00f3 que esta es una fecha para reflexionar sobre el legado del Padre de la Patria, su entrega y sacrificio.<\/span><\/p>\n<\/p>\n<p><span class=\"text1noticias\">\u00abHoy celebramos 199 aniversario del nacimiento de Duarte, y es una fecha para reflexionar, no solo sobre el respeto y el significado de los s\u00edmbolos patrios, sino tambi\u00e9n, para prepararnos para el pr\u00f3ximo a\u00f1o, cuando celebraremos el bicentenario del nacimiento de Juan Pablo Duarte y seguir sus ense\u00f1anzas, su ejemplo, y seguir sobre todo su legado de dignidad de independencia y soberan\u00eda por la justicia social\u00bb, afirm\u00f3 tras salir de dicha homil\u00eda.<\/span><\/p>\n<\/p>\n<p><span class=\"text1noticias\">De ah\u00ed, el vicepresidente Alburquerque se traslad\u00f3 a la casa donde naci\u00f3 el Patricio, y donde funciona el Museo e Instituto Duartiano, donde firm\u00f3 el Libro de Hu\u00e9sped distinguido y recibi\u00f3 los honores de estilos correspondientes a su envestidura.<\/span><\/p>\n<\/p>\n<p><span class=\"text1noticias\">Luego el vicemandatario, junto al gerente general del Consejo Nacional de la Seguridad Social (CNSS), Rafael P\u00e9rez Modesto, el viceministro del Educaci\u00f3n, Luis de Le\u00f3n y el diputado Pelegr\u00edn Castillo, quien encabez\u00f3 una comisi\u00f3n de legisladores, que estuvieron presente en los actos conmemorativos del natalicio del Padre de la Patrias, junto a los cuales se dirigi\u00f3 al Altar de la Patria.<\/span><\/p>\n<\/p>\n<p><span class=\"text1noticias\">A su llegada al Altar de la Patria el vicepresidente fue recibido por un batall\u00f3n mixto de las Fuerzas Armadas y la Polic\u00eda Nacional, que le rindi\u00f3 los honores e estilo, con una salva de varios ca\u00f1onazos y los saludos de lugar.<\/span><\/p>\n<\/p>\n<p><span class=\"text1noticias\">Ya frente a los restos mortales del patricio y luego de depositar una ofrenda floral en nombre del Gobierno del Presidente Leonel Fern\u00e1ndez, el vicepresidente Alburquerque indic\u00f3 que este 199 aniversario del nacimiento del pr\u00f3cer libertador, nos recuerda que Duarte fue paradigma de libertad, dignidad y luchas por los intereses libertarios; a tal punto afirm\u00f3, que leg\u00f3 hasta sus bienes y los de su familia  por la causa de la Patria, para que hoy pudi\u00e9semos llamarnos dominicanos.<\/span><\/p>\n<\/p>\n<p><span class=\"text1noticias\">\u00abPor eso acudimos aca, para rendirle homenaje a esa entrega y sacrificio, a un hombre que lo entreg\u00f3 todo por la Patria, y que debe ser un ejemplo para las presentes y futuras generaciones, un paradigma a seguir; por lo que todos debemos aportar nuestro cuota de sacrificio para que este pa\u00eds, que \u00e9l llam\u00f3 Rep\u00fablica Dominicana, pueda seguir transitando por el camino del bienestar, del progreso y la justicia social, afirm\u00f3.<\/span><\/p>\n<\/p>\n<p><span class=\"text1noticias\">Indic\u00f3 que por ello retoman la m\u00e1xima del Poeta y escritor dominicano Miguel \u00c1ngel Garrido, cuando dijo: \u00abMas grande que tu Duarte, ni la Patria misma\u00bb.<\/span><\/p>\n<\/p>\n<p><span class=\"text1noticias\">En la actividad tambi\u00e9n estuvo presente el presidente del Instituto Duartiano, Jos\u00e9 Joaqu\u00edn P\u00e9rez Savi\u00f1\u00f3n, directivo de esa entidad que cuida el legado del Patricio, directivos de la Comisi\u00f3n de Efem\u00e9rides Patrias y de otras instituciones del Estado Dominicano<\/span>.<\/p>\n<h6> 2012-01-26 18:38:00 <\/h6>\n<p><!--\n<link rel=\"stylesheet\" href=\"css\/bootstrap.min.css\">\n\n\n<ul class=\"pagination\">\n\t    \n\t\n\n<li >\n\t<a href='?page_no=18073'>Previous<\/a>\n\t<\/li>\n\n\n       \n    \n\n<li><a href='?page_no=1'>1<\/a><\/li>\n\n\n\n<li><a href='?page_no=2'>2<\/a><\/li>\n\n\n\n<li><a>...<\/a><\/li>\n\n\n\n<li><a href='?page_no=18072'>18072<\/a><\/li>\n\n\n\n<li><a href='?page_no=18073'>18073<\/a><\/li>\n\n\n\n<li class='active'><a>18074<\/a><\/li>\n\n\n\n<li><a href='?page_no=18075'>18075<\/a><\/li>\n\n\n\n<li><a href='?page_no=18076'>18076<\/a><\/li>\n\n\n\n<li><a>...<\/a><\/li>\n\n\n\n<li><a href='?page_no=22911'>22911<\/a><\/li>\n\n\n\n<li><a href='?page_no=22912'>22912<\/a><\/li>\n\n    \n\t\n\n<li >\n\t<a href='?page_no=18075'>Next<\/a>\n\t<\/li>\n\n\n    \n\n<li><a href='?page_no=22912'>Last &rsaquo;&rsaquo;<\/a><\/li>\n\n<\/ul>\n\n\n--><br \/>\n<\/body><\/p>\n","protected":false},"excerpt":{"rendered":"<p>Santo Domingo, R. D, 26 de Enero.- El vicepresidente de la Rep\u00fablica, doctor Rafael Alburquerque, encabez\u00f3 los actos conmemorativos del 199 Aniversario del Natalicio del Padre de la Patria Juan Pablo Duarte, este 26 de Enero, durante varios actos que presidi\u00f3 en la iglesia Santa B\u00e1rbara, la casa donde naci\u00f3 el Patricio y el Altar [&hellip;]<\/p>\n","protected":false},"author":3,"featured_media":0,"comment_status":"open","ping_status":"open","sticky":false,"template":"","format":"standard","meta":{"footnotes":""},"categories":[21],"tags":[],"class_list":["post-66396","post","type-post","status-publish","format-standard","hentry","category-cultura"],"_links":{"self":[{"href":"https:\/\/diariodominicano.com\/index.php?rest_route=\/wp\/v2\/posts\/66396","targetHints":{"allow":["GET"]}}],"collection":[{"href":"https:\/\/diariodominicano.com\/index.php?rest_route=\/wp\/v2\/posts"}],"about":[{"href":"https:\/\/diariodominicano.com\/index.php?rest_route=\/wp\/v2\/types\/post"}],"author":[{"embeddable":true,"href":"https:\/\/diariodominicano.com\/index.php?rest_route=\/wp\/v2\/users\/3"}],"replies":[{"embeddable":true,"href":"https:\/\/diariodominicano.com\/index.php?rest_route=%2Fwp%2Fv2%2Fcomments&post=66396"}],"version-history":[{"count":0,"href":"https:\/\/diariodominicano.com\/index.php?rest_route=\/wp\/v2\/posts\/66396\/revisions"}],"wp:attachment":[{"href":"https:\/\/diariodominicano.com\/index.php?rest_route=%2Fwp%2Fv2%2Fmedia&parent=66396"}],"wp:term":[{"taxonomy":"category","embeddable":true,"href":"https:\/\/diariodominicano.com\/index.php?rest_route=%2Fwp%2Fv2%2Fcategories&post=66396"},{"taxonomy":"post_tag","embeddable":true,"href":"https:\/\/diariodominicano.com\/index.php?rest_route=%2Fwp%2Fv2%2Ftags&post=66396"}],"curies":[{"name":"wp","href":"https:\/\/api.w.org\/{rel}","templated":true}]}}